{"id":98578,"date":"2017-06-01T15:25:25","date_gmt":"2017-06-01T13:25:25","guid":{"rendered":"http:\/\/www.mvtpaix.org\/wordpress\/?p=98578"},"modified":"2017-06-15T16:28:44","modified_gmt":"2017-06-15T14:28:44","slug":"mobilisation-contre-les-manoeuvres-de-lotan-en-france","status":"publish","type":"post","link":"https:\/\/www.mvtpaix.org\/wordpress\/2017\/06\/01\/mobilisation-contre-les-manoeuvres-de-lotan-en-france\/","title":{"rendered":"Mobilisation contre les manoeuvres de l\u2019OTAN en France"},"content":{"rendered":"<h2>COMMUNIQU\u00c9 DE PRESSE<\/h2>\n<p><strong>Le Mouvement de la Paix appelle \u00e0 contribuer \u00e0 la r\u00e9ussite des actions contre l\u2019OTAN et ses man\u0153uvres militaires en France<\/strong><\/p>\n<p><strong>Rassemblement le Mardi 6 Juin \u00e0 partir de 12h (\u00e0 Brasparts, Finist\u00e8re)<\/strong><\/p>\n<p>Le Mouvement de la paix se r\u00e9jou\u00eet du succ\u00e8s des manifestations de Bruxelles \u00e0 l\u2019occasion du sommet de l\u2019OTAN. Ces manifestations ont rassembl\u00e9 des milliers de personnes venant de nombreux pays qui ensemble ont demand\u00e9 la dissolution de l\u2019OTAN et se sont oppos\u00e9s \u00e0 la volont\u00e9 de cette organisation d\u2019obtenir, \u00e0 la demande de Trump, que\u00a0 tous les Etats membres dont la France portent \u00e0 2% du PIB leurs budgets militaires respectifs. L\u2019annonce du rassemblement de Carhaix le 28 mai y a \u00e9t\u00e9 applaudie par tous.<\/p>\n<p>Le Mouvement de la paix se r\u00e9jouit aussi de la participation d&#8217;environ 200 personnes au\u00a0 rassemblement de\u00a0 Carhaix le Dimanche 28 Mai 2017 dans le Finist\u00e8re pour protester contre les man\u0153uvres militaires de l\u2019OTAN qui doivent d\u00e9buter le 6 juin en Bretagne.<\/p>\n<p>Toutes ces initiatives portent les exigences des peuples de voir mises en \u0153uvre partout des politiques de paix et de pr\u00e9vention des conflits au lieu de la militarisation des relations internationales et de la pr\u00e9paration de nouvelles guerres.<\/p>\n<p>Les man\u0153uvres (<em>Tiger Meet<\/em>) pr\u00e9cit\u00e9es\u00a0 mettent en \u0153uvre, 800 pilotes et techniciens, des militaires de 12 pays, 1.200 \u00e0 1.500 heures de vol \u00e0 40.000 euros l\u2019heure de vol avec une pollution a\u00e9rienne maximale.<\/p>\n<p>Elles\u00a0 auront comme centre n\u00e9vralgique la base a\u00e9ronavale de Landivisiau qui accueille les avions Rafale porteurs potentiels de l\u2019arme nucl\u00e9aire. Elles ne peuvent qu\u2019int\u00e9grer la base de sous-marins nucl\u00e9aires de l\u2019\u00eele Longue situ\u00e9e \u00e0 quelques kms de Landivisiau et \u00e0 base de Lanv\u00e9oc o\u00f9 sera regroup\u00e9e une partie essentielle de la logistique. Cette base a\u00e9ronavale pr\u00e9pare par ailleurs les m\u00eames avions Rafale dans leurs missions d\u2019accompagnement du Porte avion Charles De Gaulle pour des op\u00e9rations et des guerres ext\u00e9rieures.<\/p>\n<p><strong>C\u2019est pourquoi Le Mouvement de la paix apporte son soutien au rassemblement citoyen, artistique et pacifique organis\u00e9 le mardi 6 juin 2017 \u00e0 partir de 12 heures autour de la chapelle Saint-Michel de Brasparts dans le Finist\u00e8re \u00e0 l\u2019initiative du Mouvement de la paix et du r\u00e9seau des artistes pour la paix avec comme objectifs :<\/strong><\/p>\n<ul>\n<li>De d\u00e9noncer le caract\u00e8re guerrier et dangereux de ces man\u0153uvres\u00a0;<\/li>\n<li>Le retrait de la France de l\u2019Otan et la dissolution de cette organisation militaire ill\u00e9gale au regard du droit international\u00a0;<\/li>\n<li>D\u2019exiger que la France s\u2019engage r\u00e9solument \u00e0 mettre en \u0153uvre une politique de construction de la paix et de pr\u00e9vention des conflits en application de la Charte des Nations Unies et des r\u00e9solutions de l\u2019ONU pour une culture de la paix\u00a0;<\/li>\n<li>D\u2019exiger que la France renonce \u00e0 porter son budget militaire \u00e0 2 % du PIB ce qui impliquerait des d\u00e9penses suppl\u00e9mentaires de 10 milliards par an\u00a0;<\/li>\n<li>D\u2019exiger que la France arr\u00eate de boycotter les travaux en cours aux Nations Unies pour l\u2019\u00e9criture d\u2019un trait\u00e9 d\u2019interdiction des armes nucl\u00e9aires.<\/li>\n<\/ul>\n<p><strong>OUI A LA PAIX, STOP LES GUERRES, NON A L\u2019OTAN<\/strong><\/p>\n<p><strong>OUI A UN TRAITE D\u2019INTERDICTION DES ARMES NUCL\u00c9AIRES<\/strong><\/p>\n<p><strong>Le Mouvement de la paix appelle ses comit\u00e9s et tous les pacifistes \u00e0 faire des d\u00e9marches ou \u00e0 d\u00e9poser des motions dans les pr\u00e9fectures durant ces man\u0153uvres qui vont se d\u00e9rouler jusqu\u2019au 10 juin <\/strong><\/p>\n<p><strong>Le Mouvement de la Paix<\/strong><\/p>\n<p><strong>1er juin 2016<\/strong><\/p>\n<hr \/>\n<p>Pour t\u00e9l\u00e9charger le document dans sa version int\u00e9grale, cliquer ici :<\/p>\n<p><strong><a href=\"https:\/\/www.mvtpaix.org\/wordpress\/wp-content\/uploads\/2017\/06\/CPOTANBrasparts.pdf\">Mobilisation contre les manoeuvres de l\u2019OTAN en France<\/a><\/strong><\/p>\n<a class=\"synved-social-button synved-social-button-share synved-social-size-32 synved-social-resolution-single synved-social-provider-facebook nolightbox\" data-provider=\"facebook\" target=\"_blank\" rel=\"nofollow\" title=\"Partagez cette page sur Facebook\" href=\"https:\/\/www.facebook.com\/sharer.php?u=https%3A%2F%2Fwww.mvtpaix.org%2Fwordpress%2Fwp-json%2Fwp%2Fv2%2Fposts%2F98578&#038;t=Mobilisation%20contre%20les%20manoeuvres%20de%20l%E2%80%99OTAN%20en%20France&#038;s=100&#038;p&#091;url&#093;=https%3A%2F%2Fwww.mvtpaix.org%2Fwordpress%2Fwp-json%2Fwp%2Fv2%2Fposts%2F98578&#038;p&#091;images&#093;&#091;0&#093;=&#038;p&#091;title&#093;=Mobilisation%20contre%20les%20manoeuvres%20de%20l%E2%80%99OTAN%20en%20France\" style=\"font-size: 0px; width:32px;height:32px;margin:0;margin-bottom:5px;margin-right:5px;\"><img alt=\"Facebook\" title=\"Partagez cette page sur Facebook\" class=\"synved-share-image synved-social-image synved-social-image-share\" width=\"32\" height=\"32\" style=\"display: inline; width:32px;height:32px; margin: 0; padding: 0; border: none; box-shadow: none;\" src=\"https:\/\/www.mvtpaix.org\/wordpress\/wp-content\/plugins\/social-media-feather\/synved-social\/image\/social\/regular\/64x64\/facebook.png\" \/><\/a><a class=\"synved-social-button synved-social-button-share synved-social-size-32 synved-social-resolution-single synved-social-provider-twitter nolightbox\" data-provider=\"twitter\" target=\"_blank\" rel=\"nofollow\" title=\"Partagez cette page sur Twitter\" href=\"https:\/\/twitter.com\/intent\/tweet?url=https%3A%2F%2Fwww.mvtpaix.org%2Fwordpress%2Fwp-json%2Fwp%2Fv2%2Fposts%2F98578&#038;text=Suivez%20le%20Mouvement%20de%20la%20Paix%20\" style=\"font-size: 0px; width:32px;height:32px;margin:0;margin-bottom:5px;margin-right:5px;\"><img alt=\"twitter\" title=\"Partagez cette page sur Twitter\" class=\"synved-share-image synved-social-image synved-social-image-share\" width=\"32\" height=\"32\" style=\"display: inline; width:32px;height:32px; margin: 0; padding: 0; border: none; box-shadow: none;\" src=\"https:\/\/www.mvtpaix.org\/wordpress\/wp-content\/plugins\/social-media-feather\/synved-social\/image\/social\/regular\/64x64\/twitter.png\" \/><\/a><a class=\"synved-social-button synved-social-button-share synved-social-size-32 synved-social-resolution-single synved-social-provider-mail nolightbox\" data-provider=\"mail\" rel=\"nofollow\" title=\"Partagez-nous par email\" href=\"mailto:?subject=Mobilisation%20contre%20les%20manoeuvres%20de%20l%E2%80%99OTAN%20en%20France&#038;body=Suivez%20le%20Mouvement%20de%20la%20Paix%20:%20https%3A%2F%2Fwww.mvtpaix.org%2Fwordpress%2Fwp-json%2Fwp%2Fv2%2Fposts%2F98578\" style=\"font-size: 0px; width:32px;height:32px;margin:0;margin-bottom:5px;\"><img alt=\"mail\" title=\"Partagez-nous par email\" class=\"synved-share-image synved-social-image synved-social-image-share\" width=\"32\" height=\"32\" style=\"display: inline; width:32px;height:32px; margin: 0; padding: 0; border: none; box-shadow: none;\" src=\"https:\/\/www.mvtpaix.org\/wordpress\/wp-content\/plugins\/social-media-feather\/synved-social\/image\/social\/regular\/64x64\/mail.png\" \/><\/a>","protected":false},"excerpt":{"rendered":"<p>COMMUNIQU\u00c9 DE PRESSE Le Mouvement de la Paix appelle \u00e0 contribuer \u00e0 la r\u00e9ussite des actions contre l\u2019OTAN et ses man\u0153uvres militaires en France Rassemblement le Mardi 6 Juin \u00e0 partir de 12h (\u00e0 Brasparts, Finist\u00e8re) Le Mouvement de la paix se r\u00e9jou\u00eet du succ\u00e8s des manifestations de Bruxelles \u00e0 l\u2019occasion du sommet de l\u2019OTAN. [&hellip;]<\/p>\n","protected":false},"author":17,"featured_media":0,"comment_status":"open","ping_status":"open","sticky":false,"template":"","format":"standard","meta":[],"categories":[3],"tags":[654,709,633,49],"_links":{"self":[{"href":"https:\/\/www.mvtpaix.org\/wordpress\/wp-json\/wp\/v2\/posts\/98578"}],"collection":[{"href":"https:\/\/www.mvtpaix.org\/wordpress\/wp-json\/wp\/v2\/posts"}],"about":[{"href":"https:\/\/www.mvtpaix.org\/wordpress\/wp-json\/wp\/v2\/types\/post"}],"author":[{"embeddable":true,"href":"https:\/\/www.mvtpaix.org\/wordpress\/wp-json\/wp\/v2\/users\/17"}],"replies":[{"embeddable":true,"href":"https:\/\/www.mvtpaix.org\/wordpress\/wp-json\/wp\/v2\/comments?post=98578"}],"version-history":[{"count":2,"href":"https:\/\/www.mvtpaix.org\/wordpress\/wp-json\/wp\/v2\/posts\/98578\/revisions"}],"predecessor-version":[{"id":98667,"href":"https:\/\/www.mvtpaix.org\/wordpress\/wp-json\/wp\/v2\/posts\/98578\/revisions\/98667"}],"wp:attachment":[{"href":"https:\/\/www.mvtpaix.org\/wordpress\/wp-json\/wp\/v2\/media?parent=98578"}],"wp:term":[{"taxonomy":"category","embeddable":true,"href":"https:\/\/www.mvtpaix.org\/wordpress\/wp-json\/wp\/v2\/categories?post=98578"},{"taxonomy":"post_tag","embeddable":true,"href":"https:\/\/www.mvtpaix.org\/wordpress\/wp-json\/wp\/v2\/tags?post=98578"}],"curies":[{"name":"wp","href":"https:\/\/api.w.org\/{rel}","templated":true}]}}