{"id":98400,"date":"2017-05-05T13:18:18","date_gmt":"2017-05-05T11:18:18","guid":{"rendered":"http:\/\/www.mvtpaix.org\/wordpress\/?p=98400"},"modified":"2018-07-13T18:50:44","modified_gmt":"2018-07-13T16:50:44","slug":"conseil-francilien-jeune-et-vigilance-encore-et-toujours","status":"publish","type":"post","link":"https:\/\/www.mvtpaix.org\/wordpress\/2017\/05\/05\/conseil-francilien-jeune-et-vigilance-encore-et-toujours\/","title":{"rendered":"Conseil Francilien : Je\u00fbne et Vigilance, encore et toujours"},"content":{"rendered":"<p>Comme chaque 1er vendredi du mois, pr\u00e9sence du collectif &#8220;Je\u00fbne et Vigilance&#8221; devant le Minist\u00e8re de la D\u00e9fense pour l&#8217;\u00e9limination des armes nucl\u00e9aires. Banderole sur le trottoir en face de l&#8217;entr\u00e9e &#8220;Bient\u00f4t un trait\u00e9 d&#8217;interdiction des armes nucl\u00e9aires&#8221;. Banderole au pied de l&#8217;entr\u00e9e et personnes v\u00eatues de noir et masqu\u00e9es portant les panneaux &#8220;abolition des armes nucl\u00e9aires&#8221;. Grand panna rouge avec l&#8217;article VI du TNP.<\/p>\n<p><img loading=\"lazy\" class=\"aligncenter size-full wp-image-98368\" src=\"https:\/\/www.mvtpaix.org\/wordpress\/wp-content\/uploads\/vfb\/2017\/05\/bientot-un-traite-d-elimination-des-armes-nucleaires-e1494922854856.jpg\" alt=\"\" width=\"500\" height=\"282\" \/><\/p>\n<p><img loading=\"lazy\" class=\"aligncenter size-full wp-image-98367\" src=\"https:\/\/www.mvtpaix.org\/wordpress\/wp-content\/uploads\/vfb\/2017\/05\/laticle-VI-du-TNP-\u00e0-lentree-du-Ministere-e1494922842620.jpg\" alt=\"\" width=\"500\" height=\"282\" \/><\/p>\n<p><img loading=\"lazy\" class=\"aligncenter size-full wp-image-98366\" src=\"https:\/\/www.mvtpaix.org\/wordpress\/wp-content\/uploads\/vfb\/2017\/05\/presence-de-certains-je\u00fbneurs-entre-12h-et-13h-e1494922826491.jpg\" alt=\"\" width=\"500\" height=\"282\" \/><\/p>\n<a class=\"synved-social-button synved-social-button-share synved-social-size-32 synved-social-resolution-single synved-social-provider-facebook nolightbox\" data-provider=\"facebook\" target=\"_blank\" rel=\"nofollow\" title=\"Partagez cette page sur Facebook\" href=\"https:\/\/www.facebook.com\/sharer.php?u=https%3A%2F%2Fwww.mvtpaix.org%2Fwordpress%2Fwp-json%2Fwp%2Fv2%2Fposts%2F98400&#038;t=Conseil%20Francilien%20%3A%20Je%C3%BBne%20et%20Vigilance%2C%20encore%20et%20toujours&#038;s=100&#038;p&#091;url&#093;=https%3A%2F%2Fwww.mvtpaix.org%2Fwordpress%2Fwp-json%2Fwp%2Fv2%2Fposts%2F98400&#038;p&#091;images&#093;&#091;0&#093;=https%3A%2F%2Fwww.mvtpaix.org%2Fwordpress%2Fwp-content%2Fuploads%2Fvfb%2F2017%2F05%2Fbientot-un-traite-d-elimination-des-armes-nucleaires-e1494922854856.jpg&#038;p&#091;title&#093;=Conseil%20Francilien%20%3A%20Je%C3%BBne%20et%20Vigilance%2C%20encore%20et%20toujours\" style=\"font-size: 0px; width:32px;height:32px;margin:0;margin-bottom:5px;margin-right:5px;\"><img alt=\"Facebook\" title=\"Partagez cette page sur Facebook\" class=\"synved-share-image synved-social-image synved-social-image-share\" width=\"32\" height=\"32\" style=\"display: inline; width:32px;height:32px; margin: 0; padding: 0; border: none; box-shadow: none;\" src=\"https:\/\/www.mvtpaix.org\/wordpress\/wp-content\/plugins\/social-media-feather\/synved-social\/image\/social\/regular\/64x64\/facebook.png\" \/><\/a><a class=\"synved-social-button synved-social-button-share synved-social-size-32 synved-social-resolution-single synved-social-provider-twitter nolightbox\" data-provider=\"twitter\" target=\"_blank\" rel=\"nofollow\" title=\"Partagez cette page sur Twitter\" href=\"https:\/\/twitter.com\/intent\/tweet?url=https%3A%2F%2Fwww.mvtpaix.org%2Fwordpress%2Fwp-json%2Fwp%2Fv2%2Fposts%2F98400&#038;text=Suivez%20le%20Mouvement%20de%20la%20Paix%20\" style=\"font-size: 0px; width:32px;height:32px;margin:0;margin-bottom:5px;margin-right:5px;\"><img alt=\"twitter\" title=\"Partagez cette page sur Twitter\" class=\"synved-share-image synved-social-image synved-social-image-share\" width=\"32\" height=\"32\" style=\"display: inline; width:32px;height:32px; margin: 0; padding: 0; border: none; box-shadow: none;\" src=\"https:\/\/www.mvtpaix.org\/wordpress\/wp-content\/plugins\/social-media-feather\/synved-social\/image\/social\/regular\/64x64\/twitter.png\" \/><\/a><a class=\"synved-social-button synved-social-button-share synved-social-size-32 synved-social-resolution-single synved-social-provider-mail nolightbox\" data-provider=\"mail\" rel=\"nofollow\" title=\"Partagez-nous par email\" href=\"mailto:?subject=Conseil%20Francilien%20%3A%20Je%C3%BBne%20et%20Vigilance%2C%20encore%20et%20toujours&#038;body=Suivez%20le%20Mouvement%20de%20la%20Paix%20:%20https%3A%2F%2Fwww.mvtpaix.org%2Fwordpress%2Fwp-json%2Fwp%2Fv2%2Fposts%2F98400\" style=\"font-size: 0px; width:32px;height:32px;margin:0;margin-bottom:5px;\"><img alt=\"mail\" title=\"Partagez-nous par email\" class=\"synved-share-image synved-social-image synved-social-image-share\" width=\"32\" height=\"32\" style=\"display: inline; width:32px;height:32px; margin: 0; padding: 0; border: none; box-shadow: none;\" src=\"https:\/\/www.mvtpaix.org\/wordpress\/wp-content\/plugins\/social-media-feather\/synved-social\/image\/social\/regular\/64x64\/mail.png\" \/><\/a>","protected":false},"excerpt":{"rendered":"<p>Comme chaque 1er vendredi du mois, pr\u00e9sence du collectif &#8220;Je\u00fbne et Vigilance&#8221; devant le Minist\u00e8re de la D\u00e9fense pour l&#8217;\u00e9limination des armes nucl\u00e9aires. Banderole sur le trottoir en face de l&#8217;entr\u00e9e &#8220;Bient\u00f4t un trait\u00e9 d&#8217;interdiction des armes nucl\u00e9aires&#8221;. Banderole au pied de l&#8217;entr\u00e9e et personnes v\u00eatues de noir et masqu\u00e9es portant les panneaux &#8220;abolition des [&hellip;]<\/p>\n","protected":false},"author":17,"featured_media":0,"comment_status":"open","ping_status":"open","sticky":false,"template":"","format":"standard","meta":[],"categories":[236,38],"tags":[695,510,403,652,696],"_links":{"self":[{"href":"https:\/\/www.mvtpaix.org\/wordpress\/wp-json\/wp\/v2\/posts\/98400"}],"collection":[{"href":"https:\/\/www.mvtpaix.org\/wordpress\/wp-json\/wp\/v2\/posts"}],"about":[{"href":"https:\/\/www.mvtpaix.org\/wordpress\/wp-json\/wp\/v2\/types\/post"}],"author":[{"embeddable":true,"href":"https:\/\/www.mvtpaix.org\/wordpress\/wp-json\/wp\/v2\/users\/17"}],"replies":[{"embeddable":true,"href":"https:\/\/www.mvtpaix.org\/wordpress\/wp-json\/wp\/v2\/comments?post=98400"}],"version-history":[{"count":1,"href":"https:\/\/www.mvtpaix.org\/wordpress\/wp-json\/wp\/v2\/posts\/98400\/revisions"}],"predecessor-version":[{"id":98401,"href":"https:\/\/www.mvtpaix.org\/wordpress\/wp-json\/wp\/v2\/posts\/98400\/revisions\/98401"}],"wp:attachment":[{"href":"https:\/\/www.mvtpaix.org\/wordpress\/wp-json\/wp\/v2\/media?parent=98400"}],"wp:term":[{"taxonomy":"category","embeddable":true,"href":"https:\/\/www.mvtpaix.org\/wordpress\/wp-json\/wp\/v2\/categories?post=98400"},{"taxonomy":"post_tag","embeddable":true,"href":"https:\/\/www.mvtpaix.org\/wordpress\/wp-json\/wp\/v2\/tags?post=98400"}],"curies":[{"name":"wp","href":"https:\/\/api.w.org\/{rel}","templated":true}]}}