{"id":88778,"date":"2016-05-24T16:05:39","date_gmt":"2016-05-24T14:05:39","guid":{"rendered":"http:\/\/www.mvtpaix.org\/wordpress\/?p=88778"},"modified":"2016-08-18T09:31:25","modified_gmt":"2016-08-18T07:31:25","slug":"comite-de-paris-inauguration-de-la-representation-du-rojava-en-france","status":"publish","type":"post","link":"https:\/\/www.mvtpaix.org\/wordpress\/2016\/05\/24\/comite-de-paris-inauguration-de-la-representation-du-rojava-en-france\/","title":{"rendered":"Comit\u00e9 de Paris : Inauguration de la repr\u00e9sentation du Rojava en France"},"content":{"rendered":"<p style=\"text-align: justify;\"><strong>Le Mouvement de la Paix \u00e9tait pr\u00e9sent \u00e0 l&#8217;inauguration de la repr\u00e9sentation du Kurdistan de Syrie, le Rojava, en France lundi 23 mai \u00e0 Paris.<\/strong><\/p>\n<p style=\"text-align: justify;\">Apr\u00e8s Moscou, Stockholm et Berlin, Paris est la quatri\u00e8me ville du monde \u00e0 accueillir une repr\u00e9sentation du Rojava.<\/p>\n<p style=\"text-align: justify;\">De nombreuses personnalit\u00e9s du monde politique, associatif et culturel \u00e9taient pr\u00e9sentes autour de la Co-Pr\u00e9sidente du Rojava et du Repr\u00e9sentant du Rojava en France, Khaled Issa. Citons par exemple B. Kouchner, Pascale Bourgaux, reporter et r\u00e9alisatrice du film &#8220;femmes contre Daech&#8221; et co-auteure du livre &#8221; Moi, Viyan, combattante contre Daech&#8221;, Pierre Barbancey, grand reporter \u00e0 l&#8217;Humanit\u00e9, les Verts, le PCF, le Front de Gauche&#8230; \u00c9taient \u00e9galement pr\u00e9sents des Kurdes de Syrie, d&#8217;Iran, de Turquie et de France entour\u00e9s d&#8217;amis qui luttent \u00e0 leur c\u00f4t\u00e9.<\/p>\n<p><div id=\"attachment_88780\" style=\"width: 310px\" class=\"wp-caption aligncenter\"><a href=\"https:\/\/www.mvtpaix.org\/wordpress\/wp-content\/uploads\/2016\/05\/Inauguration_Rojava_23052016_2-e1464098587270.jpg\"><img aria-describedby=\"caption-attachment-88780\" loading=\"lazy\" class=\"wp-image-88780 size-medium\" src=\"https:\/\/www.mvtpaix.org\/wordpress\/wp-content\/uploads\/2016\/05\/Inauguration_Rojava_23052016_2-300x168.jpg\" alt=\"Khaled Issa, repr\u00e9sentant du Rojava en France.\" width=\"300\" height=\"168\" \/><\/a><p id=\"caption-attachment-88780\" class=\"wp-caption-text\">Khaled Issa, repr\u00e9sentant du Rojava en France.<\/p><\/div><\/p>\n<p><div id=\"attachment_88781\" style=\"width: 310px\" class=\"wp-caption aligncenter\"><a href=\"https:\/\/www.mvtpaix.org\/wordpress\/wp-content\/uploads\/2016\/05\/Inauguration_Rojava_23052016_3-e1464098602816.jpg\"><img aria-describedby=\"caption-attachment-88781\" loading=\"lazy\" class=\"wp-image-88781 size-medium\" src=\"https:\/\/www.mvtpaix.org\/wordpress\/wp-content\/uploads\/2016\/05\/Inauguration_Rojava_23052016_3-300x168.jpg\" alt=\"Asya Abdullah (\u00e0 gauche), co-pr\u00e9sidente du Rojava et Khaled Issa, repr\u00e9sentant de la nation kurde de Syrie en France.\" width=\"300\" height=\"168\" \/><\/a><p id=\"caption-attachment-88781\" class=\"wp-caption-text\">Asya Abdullah (\u00e0 gauche), co-pr\u00e9sidente du Rojava et Khaled Issa, repr\u00e9sentant de la nation kurde de Syrie en France.<\/p><\/div><\/p>\n<p><div id=\"attachment_88779\" style=\"width: 310px\" class=\"wp-caption aligncenter\"><a href=\"https:\/\/www.mvtpaix.org\/wordpress\/wp-content\/uploads\/2016\/05\/Inauguration_Rojava_23052016_1-e1464098316364.jpg\"><img aria-describedby=\"caption-attachment-88779\" loading=\"lazy\" class=\"wp-image-88779 size-medium\" src=\"https:\/\/www.mvtpaix.org\/wordpress\/wp-content\/uploads\/2016\/05\/Inauguration_Rojava_23052016_1-300x168.jpg\" alt=\"Les Kurdes de Syrie ont d\u00e9sormais une repr\u00e9sentation en France de leur nation, le Rojava.\" width=\"300\" height=\"168\" \/><\/a><p id=\"caption-attachment-88779\" class=\"wp-caption-text\">Les Kurdes de Syrie ont d\u00e9sormais une repr\u00e9sentation en France de leur nation, le Rojava.<\/p><\/div><\/p>\n<a class=\"synved-social-button synved-social-button-share synved-social-size-32 synved-social-resolution-single synved-social-provider-facebook nolightbox\" data-provider=\"facebook\" target=\"_blank\" rel=\"nofollow\" title=\"Partagez cette page sur Facebook\" href=\"https:\/\/www.facebook.com\/sharer.php?u=https%3A%2F%2Fwww.mvtpaix.org%2Fwordpress%2Fwp-json%2Fwp%2Fv2%2Fposts%2F88778&#038;t=Comit%C3%A9%20de%20Paris%20%3A%20Inauguration%20de%20la%20repr%C3%A9sentation%20du%20Rojava%20en%20France&#038;s=100&#038;p&#091;url&#093;=https%3A%2F%2Fwww.mvtpaix.org%2Fwordpress%2Fwp-json%2Fwp%2Fv2%2Fposts%2F88778&#038;p&#091;images&#093;&#091;0&#093;=https%3A%2F%2Fwww.mvtpaix.org%2Fwordpress%2Fwp-content%2Fuploads%2F2014%2F06%2Ffond-neutre.gif&#038;p&#091;title&#093;=Comit%C3%A9%20de%20Paris%20%3A%20Inauguration%20de%20la%20repr%C3%A9sentation%20du%20Rojava%20en%20France\" style=\"font-size: 0px; width:32px;height:32px;margin:0;margin-bottom:5px;margin-right:5px;\"><img alt=\"Facebook\" title=\"Partagez cette page sur Facebook\" class=\"synved-share-image synved-social-image synved-social-image-share\" width=\"32\" height=\"32\" style=\"display: inline; width:32px;height:32px; margin: 0; padding: 0; border: none; box-shadow: none;\" src=\"https:\/\/www.mvtpaix.org\/wordpress\/wp-content\/plugins\/social-media-feather\/synved-social\/image\/social\/regular\/64x64\/facebook.png\" \/><\/a><a class=\"synved-social-button synved-social-button-share synved-social-size-32 synved-social-resolution-single synved-social-provider-twitter nolightbox\" data-provider=\"twitter\" target=\"_blank\" rel=\"nofollow\" title=\"Partagez cette page sur Twitter\" href=\"https:\/\/twitter.com\/intent\/tweet?url=https%3A%2F%2Fwww.mvtpaix.org%2Fwordpress%2Fwp-json%2Fwp%2Fv2%2Fposts%2F88778&#038;text=Suivez%20le%20Mouvement%20de%20la%20Paix%20\" style=\"font-size: 0px; width:32px;height:32px;margin:0;margin-bottom:5px;margin-right:5px;\"><img alt=\"twitter\" title=\"Partagez cette page sur Twitter\" class=\"synved-share-image synved-social-image synved-social-image-share\" width=\"32\" height=\"32\" style=\"display: inline; width:32px;height:32px; margin: 0; padding: 0; border: none; box-shadow: none;\" src=\"https:\/\/www.mvtpaix.org\/wordpress\/wp-content\/plugins\/social-media-feather\/synved-social\/image\/social\/regular\/64x64\/twitter.png\" \/><\/a><a class=\"synved-social-button synved-social-button-share synved-social-size-32 synved-social-resolution-single synved-social-provider-mail nolightbox\" data-provider=\"mail\" rel=\"nofollow\" title=\"Partagez-nous par email\" href=\"mailto:?subject=Comit%C3%A9%20de%20Paris%20%3A%20Inauguration%20de%20la%20repr%C3%A9sentation%20du%20Rojava%20en%20France&#038;body=Suivez%20le%20Mouvement%20de%20la%20Paix%20:%20https%3A%2F%2Fwww.mvtpaix.org%2Fwordpress%2Fwp-json%2Fwp%2Fv2%2Fposts%2F88778\" style=\"font-size: 0px; width:32px;height:32px;margin:0;margin-bottom:5px;\"><img alt=\"mail\" title=\"Partagez-nous par email\" class=\"synved-share-image synved-social-image synved-social-image-share\" width=\"32\" height=\"32\" style=\"display: inline; width:32px;height:32px; margin: 0; padding: 0; border: none; box-shadow: none;\" src=\"https:\/\/www.mvtpaix.org\/wordpress\/wp-content\/plugins\/social-media-feather\/synved-social\/image\/social\/regular\/64x64\/mail.png\" \/><\/a>","protected":false},"excerpt":{"rendered":"<p>Le Mouvement de la Paix \u00e9tait pr\u00e9sent \u00e0 l&#8217;inauguration de la repr\u00e9sentation du Kurdistan de Syrie, le Rojava, en France lundi 23 mai \u00e0 Paris. Apr\u00e8s Moscou, Stockholm et Berlin, Paris est la quatri\u00e8me ville du monde \u00e0 accueillir une repr\u00e9sentation du Rojava. De nombreuses personnalit\u00e9s du monde politique, associatif et culturel \u00e9taient pr\u00e9sentes autour [&hellip;]<\/p>\n","protected":false},"author":17,"featured_media":89771,"comment_status":"open","ping_status":"open","sticky":false,"template":"","format":"standard","meta":[],"categories":[236],"tags":[340,254,342,341,637,339,338],"_links":{"self":[{"href":"https:\/\/www.mvtpaix.org\/wordpress\/wp-json\/wp\/v2\/posts\/88778"}],"collection":[{"href":"https:\/\/www.mvtpaix.org\/wordpress\/wp-json\/wp\/v2\/posts"}],"about":[{"href":"https:\/\/www.mvtpaix.org\/wordpress\/wp-json\/wp\/v2\/types\/post"}],"author":[{"embeddable":true,"href":"https:\/\/www.mvtpaix.org\/wordpress\/wp-json\/wp\/v2\/users\/17"}],"replies":[{"embeddable":true,"href":"https:\/\/www.mvtpaix.org\/wordpress\/wp-json\/wp\/v2\/comments?post=88778"}],"version-history":[{"count":2,"href":"https:\/\/www.mvtpaix.org\/wordpress\/wp-json\/wp\/v2\/posts\/88778\/revisions"}],"predecessor-version":[{"id":92992,"href":"https:\/\/www.mvtpaix.org\/wordpress\/wp-json\/wp\/v2\/posts\/88778\/revisions\/92992"}],"wp:featuredmedia":[{"embeddable":true,"href":"https:\/\/www.mvtpaix.org\/wordpress\/wp-json\/wp\/v2\/media\/89771"}],"wp:attachment":[{"href":"https:\/\/www.mvtpaix.org\/wordpress\/wp-json\/wp\/v2\/media?parent=88778"}],"wp:term":[{"taxonomy":"category","embeddable":true,"href":"https:\/\/www.mvtpaix.org\/wordpress\/wp-json\/wp\/v2\/categories?post=88778"},{"taxonomy":"post_tag","embeddable":true,"href":"https:\/\/www.mvtpaix.org\/wordpress\/wp-json\/wp\/v2\/tags?post=88778"}],"curies":[{"name":"wp","href":"https:\/\/api.w.org\/{rel}","templated":true}]}}