{"id":88773,"date":"2016-05-24T14:48:03","date_gmt":"2016-05-24T12:48:03","guid":{"rendered":"http:\/\/www.mvtpaix.org\/wordpress\/?p=88773"},"modified":"2016-05-24T14:48:03","modified_gmt":"2016-05-24T12:48:03","slug":"comite-de-haute-garonne-le-podcast-de-lemission-radio-mon-pais","status":"publish","type":"post","link":"https:\/\/www.mvtpaix.org\/wordpress\/2016\/05\/24\/comite-de-haute-garonne-le-podcast-de-lemission-radio-mon-pais\/","title":{"rendered":"Comit\u00e9 de Haute-Garonne : le podcast de l&#8217;\u00e9mission &#8220;Radio Mon Pa\u00efs&#8221;"},"content":{"rendered":"<p><strong>Une fois par mois, le Comit\u00e9 de Haute-Garonne du Mouvement de la Paix commente l&#8217;actualit\u00e9 sur les ondes de &#8220;Radio Mon Pa\u00efs&#8221; (90.1 FM).<\/strong><\/p>\n<p>Retrouvez le podcast du mois de Mai 2016 : <a href=\"http:\/\/radiomonpais.fr\/IMG\/mp3\/mouvement_de_la_paix.mp3\"><img loading=\"lazy\" class=\"aligncenter wp-image-88775 size-full\" src=\"https:\/\/www.mvtpaix.org\/wordpress\/wp-content\/uploads\/2016\/05\/radio_monpais.png\" alt=\"radio_monpais\" width=\"300\" height=\"64\" \/><\/a><\/p>\n<a class=\"synved-social-button synved-social-button-share synved-social-size-32 synved-social-resolution-single synved-social-provider-facebook nolightbox\" data-provider=\"facebook\" target=\"_blank\" rel=\"nofollow\" title=\"Partagez cette page sur Facebook\" href=\"https:\/\/www.facebook.com\/sharer.php?u=https%3A%2F%2Fwww.mvtpaix.org%2Fwordpress%2Fwp-json%2Fwp%2Fv2%2Fposts%2F88773&#038;t=Comit%C3%A9%20de%20Haute-Garonne%20%3A%20le%20podcast%20de%20l%E2%80%99%C3%A9mission%20%E2%80%9CRadio%20Mon%20Pa%C3%AFs%E2%80%9D&#038;s=100&#038;p&#091;url&#093;=https%3A%2F%2Fwww.mvtpaix.org%2Fwordpress%2Fwp-json%2Fwp%2Fv2%2Fposts%2F88773&#038;p&#091;images&#093;&#091;0&#093;=https%3A%2F%2Fwww.mvtpaix.org%2Fwordpress%2Fwp-content%2Fuploads%2F2014%2F06%2Ffond-neutre.gif&#038;p&#091;title&#093;=Comit%C3%A9%20de%20Haute-Garonne%20%3A%20le%20podcast%20de%20l%E2%80%99%C3%A9mission%20%E2%80%9CRadio%20Mon%20Pa%C3%AFs%E2%80%9D\" style=\"font-size: 0px; width:32px;height:32px;margin:0;margin-bottom:5px;margin-right:5px;\"><img alt=\"Facebook\" title=\"Partagez cette page sur Facebook\" class=\"synved-share-image synved-social-image synved-social-image-share\" width=\"32\" height=\"32\" style=\"display: inline; width:32px;height:32px; margin: 0; padding: 0; border: none; box-shadow: none;\" src=\"https:\/\/www.mvtpaix.org\/wordpress\/wp-content\/plugins\/social-media-feather\/synved-social\/image\/social\/regular\/64x64\/facebook.png\" \/><\/a><a class=\"synved-social-button synved-social-button-share synved-social-size-32 synved-social-resolution-single synved-social-provider-twitter nolightbox\" data-provider=\"twitter\" target=\"_blank\" rel=\"nofollow\" title=\"Partagez cette page sur Twitter\" href=\"https:\/\/twitter.com\/intent\/tweet?url=https%3A%2F%2Fwww.mvtpaix.org%2Fwordpress%2Fwp-json%2Fwp%2Fv2%2Fposts%2F88773&#038;text=Suivez%20le%20Mouvement%20de%20la%20Paix%20\" style=\"font-size: 0px; width:32px;height:32px;margin:0;margin-bottom:5px;margin-right:5px;\"><img alt=\"twitter\" title=\"Partagez cette page sur Twitter\" class=\"synved-share-image synved-social-image synved-social-image-share\" width=\"32\" height=\"32\" style=\"display: inline; width:32px;height:32px; margin: 0; padding: 0; border: none; box-shadow: none;\" src=\"https:\/\/www.mvtpaix.org\/wordpress\/wp-content\/plugins\/social-media-feather\/synved-social\/image\/social\/regular\/64x64\/twitter.png\" \/><\/a><a class=\"synved-social-button synved-social-button-share synved-social-size-32 synved-social-resolution-single synved-social-provider-mail nolightbox\" data-provider=\"mail\" rel=\"nofollow\" title=\"Partagez-nous par email\" href=\"mailto:?subject=Comit%C3%A9%20de%20Haute-Garonne%20%3A%20le%20podcast%20de%20l%E2%80%99%C3%A9mission%20%E2%80%9CRadio%20Mon%20Pa%C3%AFs%E2%80%9D&#038;body=Suivez%20le%20Mouvement%20de%20la%20Paix%20:%20https%3A%2F%2Fwww.mvtpaix.org%2Fwordpress%2Fwp-json%2Fwp%2Fv2%2Fposts%2F88773\" style=\"font-size: 0px; width:32px;height:32px;margin:0;margin-bottom:5px;\"><img alt=\"mail\" title=\"Partagez-nous par email\" class=\"synved-share-image synved-social-image synved-social-image-share\" width=\"32\" height=\"32\" style=\"display: inline; width:32px;height:32px; margin: 0; padding: 0; border: none; box-shadow: none;\" src=\"https:\/\/www.mvtpaix.org\/wordpress\/wp-content\/plugins\/social-media-feather\/synved-social\/image\/social\/regular\/64x64\/mail.png\" \/><\/a>","protected":false},"excerpt":{"rendered":"<p>Une fois par mois, le Comit\u00e9 de Haute-Garonne du Mouvement de la Paix commente l&#8217;actualit\u00e9 sur les ondes de &#8220;Radio Mon Pa\u00efs&#8221; (90.1 FM). Retrouvez le podcast du mois de Mai 2016 :<\/p>\n","protected":false},"author":17,"featured_media":89771,"comment_status":"open","ping_status":"open","sticky":false,"template":"","format":"standard","meta":[],"categories":[236],"tags":[333,337,335,667,334],"_links":{"self":[{"href":"https:\/\/www.mvtpaix.org\/wordpress\/wp-json\/wp\/v2\/posts\/88773"}],"collection":[{"href":"https:\/\/www.mvtpaix.org\/wordpress\/wp-json\/wp\/v2\/posts"}],"about":[{"href":"https:\/\/www.mvtpaix.org\/wordpress\/wp-json\/wp\/v2\/types\/post"}],"author":[{"embeddable":true,"href":"https:\/\/www.mvtpaix.org\/wordpress\/wp-json\/wp\/v2\/users\/17"}],"replies":[{"embeddable":true,"href":"https:\/\/www.mvtpaix.org\/wordpress\/wp-json\/wp\/v2\/comments?post=88773"}],"version-history":[{"count":1,"href":"https:\/\/www.mvtpaix.org\/wordpress\/wp-json\/wp\/v2\/posts\/88773\/revisions"}],"predecessor-version":[{"id":88776,"href":"https:\/\/www.mvtpaix.org\/wordpress\/wp-json\/wp\/v2\/posts\/88773\/revisions\/88776"}],"wp:featuredmedia":[{"embeddable":true,"href":"https:\/\/www.mvtpaix.org\/wordpress\/wp-json\/wp\/v2\/media\/89771"}],"wp:attachment":[{"href":"https:\/\/www.mvtpaix.org\/wordpress\/wp-json\/wp\/v2\/media?parent=88773"}],"wp:term":[{"taxonomy":"category","embeddable":true,"href":"https:\/\/www.mvtpaix.org\/wordpress\/wp-json\/wp\/v2\/categories?post=88773"},{"taxonomy":"post_tag","embeddable":true,"href":"https:\/\/www.mvtpaix.org\/wordpress\/wp-json\/wp\/v2\/tags?post=88773"}],"curies":[{"name":"wp","href":"https:\/\/api.w.org\/{rel}","templated":true}]}}