{"id":554,"date":"2018-10-16T13:54:55","date_gmt":"2018-10-16T11:54:55","guid":{"rendered":"http:\/\/www.21septembre.org\/?p=554"},"modified":"2018-10-18T17:29:08","modified_gmt":"2018-10-18T15:29:08","slug":"pour-le-comite-du-grand-geneve-avec-alternatiba","status":"publish","type":"post","link":"https:\/\/www.mvtpaix.org\/wordpress\/2018\/10\/16\/pour-le-comite-du-grand-geneve-avec-alternatiba\/","title":{"rendered":"Grand Gen\u00e8ve : Avec Alternatiba pour le d\u00e9sarmement nucl\u00e9aire"},"content":{"rendered":"<p><a href=\"http:\/\/www.21septembre.org\/wp-content\/uploads\/2018\/10\/GrandGeneve2018-700.jpg\"><img loading=\"lazy\" class=\"wp-image-555 aligncenter\" src=\"http:\/\/www.21septembre.org\/wp-content\/uploads\/2018\/10\/GrandGeneve2018-700.jpg\" alt=\"\" width=\"557\" height=\"258\" \/><\/a><\/p>\n<p>Conf\u00e9rence\/workshop du 18\/09\/2018, dans le cadre du festival Alternatiba, \u00e0 l&#8217;universit\u00e9 Unimail de Gen\u00e8ve, autour du th\u00e8me <strong>&#8220;Pays sans arm\u00e9es &#8211; D\u00e9sarmement nucl\u00e9aire&#8221;<\/strong>.<\/p>\n<p>Suite \u00e0 la conf\u00e9rence, le comit\u00e9 du Grand Gen\u00e8ve a particip\u00e9 au festival Alternatiba, qui a \u00e9t\u00e9 un r\u00e9el succ\u00e8s au Parc des Bastions, avec des centaines et des centaines de visiteurs. Nous avons \u00e9t\u00e9 pr\u00e9sents toute la journ\u00e9e, non loin du stand &#8220;Sortir du nucl\u00e9aire&#8221; qui proposait la signature de p\u00e9titions en vue de la ratification du TIAN par la Suisse. Nous \u00e9tions \u00e9galement \u00e0 c\u00f4t\u00e9 du stand &#8220;Vision de Paix &#8220;, qui est en partenariat avec nous, et nous avons pu rencontrer ICAN Suisse, pr\u00e9sent \u00e9galement pour la p\u00e9tition autour du TIAN. Nous avons donn\u00e9 des informations aux passants, des d\u00e9pliants A4 pour informer les visiteurs, et nous avons vendu tous nos tee-shirts &#8220;colombes de la Paix&#8221;, qui ont eu un grand succ\u00e8s.<\/p>\n<p><!--more-->Intervention de Christophe Barbey tr\u00e8s constructive, positive et tr\u00e8s bien document\u00e9e sur ce sujet peu connu des Pays sans arm\u00e9es, et intervention utile et tr\u00e8s \u00e9cout\u00e9e de Roland Nivet, porte-parole national du Mouvement de la Paix, sur le d\u00e9veloppement des technologies de pointe et les budgets d\u2019armement.<\/p>\n<p>Nous sommes heureux d&#8217;avoir propos\u00e9 \u00e9galement deux m\u00e9ditations, l&#8217;une en lien avec l&#8217;ONG &#8220;Heartfullness&#8221;, qui d\u00e9veloppe gratuitement des m\u00e9ditations du c\u0153ur.<br \/>\n Et une autre l&#8217;apr\u00e8s midi avec D\u00e9borah, artiste danseuse, qui a bien voulu nous pr\u00eater l&#8217;espace de cr\u00e9ation artistique r\u00e9alis\u00e9 avec ses amies artistes, dont une \u00e9tait en train de fabriquer une guirlande g\u00e9ante pour la plan\u00e8te.<br \/>\n Nous avons occup\u00e9 ce lieu artistique, pour proposer une m\u00e9ditation pour la Paix, avec beaucoup de bonheur et de s\u00e9r\u00e9nit\u00e9 au milieu du grand festival.<br \/>\n Petite m\u00e9ditation deviendra grande !<br \/>\n Nous avons projet\u00e9 de m\u00e9diter devant ou dans l&#8217;ONU l&#8217;ann\u00e9e prochaine ensemble avec Heart fullness.<br \/>\n Nous restons en lien avec les ONG rencontr\u00e9es, pour organiser une action commune l&#8217;ann\u00e9e prochaine, \u00e0 l&#8217;ONU pour les &#8220;Peace Talks&#8221;, qui sont organis\u00e9s chaque ann\u00e9e pour le 21 septembre.<\/p>\n<a class=\"synved-social-button synved-social-button-share synved-social-size-32 synved-social-resolution-single synved-social-provider-facebook nolightbox\" data-provider=\"facebook\" target=\"_blank\" rel=\"nofollow\" title=\"Partagez cette page sur Facebook\" href=\"https:\/\/www.facebook.com\/sharer.php?u=https%3A%2F%2Fwww.mvtpaix.org%2Fwordpress%2Fwp-json%2Fwp%2Fv2%2Fposts%2F554&#038;t=Grand%20Gen%C3%A8ve%20%3A%20Avec%20Alternatiba%20pour%20le%20d%C3%A9sarmement%20nucl%C3%A9aire&#038;s=100&#038;p&#091;url&#093;=https%3A%2F%2Fwww.mvtpaix.org%2Fwordpress%2Fwp-json%2Fwp%2Fv2%2Fposts%2F554&#038;p&#091;images&#093;&#091;0&#093;=http%3A%2F%2Fwww.21septembre.org%2Fwp-content%2Fuploads%2F2018%2F10%2FGrandGeneve2018-700.jpg&#038;p&#091;title&#093;=Grand%20Gen%C3%A8ve%20%3A%20Avec%20Alternatiba%20pour%20le%20d%C3%A9sarmement%20nucl%C3%A9aire\" style=\"font-size: 0px; width:32px;height:32px;margin:0;margin-bottom:5px;margin-right:5px;\"><img alt=\"Facebook\" title=\"Partagez cette page sur Facebook\" class=\"synved-share-image synved-social-image synved-social-image-share\" width=\"32\" height=\"32\" style=\"display: inline; width:32px;height:32px; margin: 0; padding: 0; border: none; box-shadow: none;\" src=\"https:\/\/www.mvtpaix.org\/wordpress\/wp-content\/plugins\/social-media-feather\/synved-social\/image\/social\/regular\/64x64\/facebook.png\" \/><\/a><a class=\"synved-social-button synved-social-button-share synved-social-size-32 synved-social-resolution-single synved-social-provider-twitter nolightbox\" data-provider=\"twitter\" target=\"_blank\" rel=\"nofollow\" title=\"Partagez cette page sur Twitter\" href=\"https:\/\/twitter.com\/intent\/tweet?url=https%3A%2F%2Fwww.mvtpaix.org%2Fwordpress%2Fwp-json%2Fwp%2Fv2%2Fposts%2F554&#038;text=Suivez%20le%20Mouvement%20de%20la%20Paix%20\" style=\"font-size: 0px; width:32px;height:32px;margin:0;margin-bottom:5px;margin-right:5px;\"><img alt=\"twitter\" title=\"Partagez cette page sur Twitter\" class=\"synved-share-image synved-social-image synved-social-image-share\" width=\"32\" height=\"32\" style=\"display: inline; width:32px;height:32px; margin: 0; padding: 0; border: none; box-shadow: none;\" src=\"https:\/\/www.mvtpaix.org\/wordpress\/wp-content\/plugins\/social-media-feather\/synved-social\/image\/social\/regular\/64x64\/twitter.png\" \/><\/a><a class=\"synved-social-button synved-social-button-share synved-social-size-32 synved-social-resolution-single synved-social-provider-mail nolightbox\" data-provider=\"mail\" rel=\"nofollow\" title=\"Partagez-nous par email\" href=\"mailto:?subject=Grand%20Gen%C3%A8ve%20%3A%20Avec%20Alternatiba%20pour%20le%20d%C3%A9sarmement%20nucl%C3%A9aire&#038;body=Suivez%20le%20Mouvement%20de%20la%20Paix%20:%20https%3A%2F%2Fwww.mvtpaix.org%2Fwordpress%2Fwp-json%2Fwp%2Fv2%2Fposts%2F554\" style=\"font-size: 0px; width:32px;height:32px;margin:0;margin-bottom:5px;\"><img alt=\"mail\" title=\"Partagez-nous par email\" class=\"synved-share-image synved-social-image synved-social-image-share\" width=\"32\" height=\"32\" style=\"display: inline; width:32px;height:32px; margin: 0; padding: 0; border: none; box-shadow: none;\" src=\"https:\/\/www.mvtpaix.org\/wordpress\/wp-content\/plugins\/social-media-feather\/synved-social\/image\/social\/regular\/64x64\/mail.png\" \/><\/a>","protected":false},"excerpt":{"rendered":"<p>Conf\u00e9rence\/workshop du 18\/09\/2018, dans le cadre du festival Alternatiba, \u00e0 l&#8217;universit\u00e9 Unimail de Gen\u00e8ve, autour du th\u00e8me &#8220;Pays sans arm\u00e9es &#8211; D\u00e9sarmement nucl\u00e9aire&#8221;. Suite \u00e0 la conf\u00e9rence, le comit\u00e9 du Grand Gen\u00e8ve a particip\u00e9 au festival Alternatiba, qui a \u00e9t\u00e9 un r\u00e9el succ\u00e8s au Parc des Bastions, avec des centaines et des centaines de visiteurs. [&hellip;]<\/p>\n","protected":false},"author":1,"featured_media":0,"comment_status":"open","ping_status":"open","sticky":false,"template":"","format":"standard","meta":[],"categories":[236],"tags":[841],"_links":{"self":[{"href":"https:\/\/www.mvtpaix.org\/wordpress\/wp-json\/wp\/v2\/posts\/554"}],"collection":[{"href":"https:\/\/www.mvtpaix.org\/wordpress\/wp-json\/wp\/v2\/posts"}],"about":[{"href":"https:\/\/www.mvtpaix.org\/wordpress\/wp-json\/wp\/v2\/types\/post"}],"author":[{"embeddable":true,"href":"https:\/\/www.mvtpaix.org\/wordpress\/wp-json\/wp\/v2\/users\/1"}],"replies":[{"embeddable":true,"href":"https:\/\/www.mvtpaix.org\/wordpress\/wp-json\/wp\/v2\/comments?post=554"}],"version-history":[{"count":2,"href":"https:\/\/www.mvtpaix.org\/wordpress\/wp-json\/wp\/v2\/posts\/554\/revisions"}],"predecessor-version":[{"id":110936,"href":"https:\/\/www.mvtpaix.org\/wordpress\/wp-json\/wp\/v2\/posts\/554\/revisions\/110936"}],"wp:attachment":[{"href":"https:\/\/www.mvtpaix.org\/wordpress\/wp-json\/wp\/v2\/media?parent=554"}],"wp:term":[{"taxonomy":"category","embeddable":true,"href":"https:\/\/www.mvtpaix.org\/wordpress\/wp-json\/wp\/v2\/categories?post=554"},{"taxonomy":"post_tag","embeddable":true,"href":"https:\/\/www.mvtpaix.org\/wordpress\/wp-json\/wp\/v2\/tags?post=554"}],"curies":[{"name":"wp","href":"https:\/\/api.w.org\/{rel}","templated":true}]}}