{"id":123121,"date":"2026-01-17T19:25:51","date_gmt":"2026-01-17T18:25:51","guid":{"rendered":"https:\/\/www.mvtpaix.org\/wordpress\/?p=123121"},"modified":"2026-01-17T19:26:15","modified_gmt":"2026-01-17T18:26:15","slug":"a-saint-etienne-42-le-10-janvier-contre-lintervention-au-venezuela","status":"publish","type":"post","link":"https:\/\/www.mvtpaix.org\/wordpress\/2026\/01\/17\/a-saint-etienne-42-le-10-janvier-contre-lintervention-au-venezuela\/","title":{"rendered":"A Saint-\u00c9tienne (42) le 10 janvier contre l&#8217;intervention au Venezuela"},"content":{"rendered":"<p><a href=\"https:\/\/www.mvtpaix.org\/wordpress\/wp-content\/uploads\/2026\/01\/20260110-micro.jpg\"><img loading=\"lazy\" class=\"size-medium wp-image-123122 aligncenter\" src=\"https:\/\/www.mvtpaix.org\/wordpress\/wp-content\/uploads\/2026\/01\/20260110-micro-300x200.jpg\" alt=\"\" width=\"300\" height=\"200\" srcset=\"https:\/\/www.mvtpaix.org\/wordpress\/wp-content\/uploads\/2026\/01\/20260110-micro-300x200.jpg 300w, https:\/\/www.mvtpaix.org\/wordpress\/wp-content\/uploads\/2026\/01\/20260110-micro-768x512.jpg 768w, https:\/\/www.mvtpaix.org\/wordpress\/wp-content\/uploads\/2026\/01\/20260110-micro.jpg 800w\" sizes=\"(max-width: 300px) 100vw, 300px\" \/><\/a><\/p>\n<p>Malgr\u00e9 la neige, une cinquantaine de personnes \u00e0 Saint-\u00c9tienne contre l&#8217;intervention au Venezuela.<\/p>\n<p>Les intemp\u00e9ries et le froid n&#8217;ont pas emp\u00each\u00e9 une cinquantaine de st\u00e9phanois de se rassembler ce samedi matin, place Jaur\u00e8s, dans le cadre de l&#8217;appel national &#8221; <span style=\"color: #3366ff;\"><strong>Non \u00e0 l\u2019imp\u00e9rialisme ! Solidarit\u00e9 avec la population du Venezuela !<\/strong><\/span> &#8221; rassemblant syndicats et partis de gauche. <br \/>\nLa mobilisation plus faible que lundi soir dernier, par la bri\u00e8vet\u00e9 de la convocation et les conditions m\u00e9t\u00e9orologiques. <br \/>\nLe texte de l&#8217;appel national a \u00e9t\u00e9 lu, des repr\u00e9sentants des diverses organisations (dont <strong>LDH<\/strong>, <strong>CGT<\/strong>, <strong>FSU<\/strong>, <strong>PCF<\/strong>, <strong>LFI<\/strong>) sont intervenus. <br \/>\nDaniel Durand, du Mouvement de la paix, qui pr\u00e9sidait le meeting, a insist\u00e9 sur le fait que &#8221; <strong>Trump a d\u2019abord viol\u00e9 le droit international et la Charte des Nations unies qui est sa base et qui est accept\u00e9e par tous les pays du monde<\/strong> &#8220;.<\/p>\n<p>Le Mouvement de la paix avait confectionn\u00e9 une banderole &#8221; <strong>Venezuela &#8211; Ukraine &#8211; Gaza \/ Respect du droit international &#8211; partout, par tous !<\/strong> &#8220;<\/p>\n<p><a href=\"https:\/\/www.mvtpaix.org\/wordpress\/wp-content\/uploads\/2026\/01\/20260110-banderole.jpg\"><img loading=\"lazy\" class=\"size-medium wp-image-123123 aligncenter\" src=\"https:\/\/www.mvtpaix.org\/wordpress\/wp-content\/uploads\/2026\/01\/20260110-banderole-300x159.jpg\" alt=\"\" width=\"300\" height=\"159\" srcset=\"https:\/\/www.mvtpaix.org\/wordpress\/wp-content\/uploads\/2026\/01\/20260110-banderole-300x159.jpg 300w, https:\/\/www.mvtpaix.org\/wordpress\/wp-content\/uploads\/2026\/01\/20260110-banderole-768x406.jpg 768w, https:\/\/www.mvtpaix.org\/wordpress\/wp-content\/uploads\/2026\/01\/20260110-banderole.jpg 800w\" sizes=\"(max-width: 300px) 100vw, 300px\" \/><\/a><\/p>\n<p><a href=\"https:\/\/www.mvtpaix.org\/wordpress\/wp-content\/uploads\/2026\/01\/20260110-participants.jpg\"><img loading=\"lazy\" class=\"size-medium wp-image-123124 aligncenter\" src=\"https:\/\/www.mvtpaix.org\/wordpress\/wp-content\/uploads\/2026\/01\/20260110-participants-300x177.jpg\" alt=\"\" width=\"300\" height=\"177\" srcset=\"https:\/\/www.mvtpaix.org\/wordpress\/wp-content\/uploads\/2026\/01\/20260110-participants-300x177.jpg 300w, https:\/\/www.mvtpaix.org\/wordpress\/wp-content\/uploads\/2026\/01\/20260110-participants-768x452.jpg 768w, https:\/\/www.mvtpaix.org\/wordpress\/wp-content\/uploads\/2026\/01\/20260110-participants.jpg 800w\" sizes=\"(max-width: 300px) 100vw, 300px\" \/><\/a><\/p>\n<a class=\"synved-social-button synved-social-button-share synved-social-size-32 synved-social-resolution-single synved-social-provider-facebook nolightbox\" data-provider=\"facebook\" target=\"_blank\" rel=\"nofollow\" title=\"Partagez cette page sur Facebook\" href=\"https:\/\/www.facebook.com\/sharer.php?u=https%3A%2F%2Fwww.mvtpaix.org%2Fwordpress%2Fwp-json%2Fwp%2Fv2%2Fposts%2F123121&#038;t=A%20Saint-%C3%89tienne%20%2842%29%20le%2010%20janvier%20contre%20l%E2%80%99intervention%20au%20Venezuela&#038;s=100&#038;p&#091;url&#093;=https%3A%2F%2Fwww.mvtpaix.org%2Fwordpress%2Fwp-json%2Fwp%2Fv2%2Fposts%2F123121&#038;p&#091;images&#093;&#091;0&#093;=https%3A%2F%2Fwww.mvtpaix.org%2Fwordpress%2Fwp-content%2Fuploads%2F2014%2F06%2Ffond-neutre.gif&#038;p&#091;title&#093;=A%20Saint-%C3%89tienne%20%2842%29%20le%2010%20janvier%20contre%20l%E2%80%99intervention%20au%20Venezuela\" style=\"font-size: 0px; width:32px;height:32px;margin:0;margin-bottom:5px;margin-right:5px;\"><img alt=\"Facebook\" title=\"Partagez cette page sur Facebook\" class=\"synved-share-image synved-social-image synved-social-image-share\" width=\"32\" height=\"32\" style=\"display: inline; width:32px;height:32px; margin: 0; padding: 0; border: none; box-shadow: none;\" src=\"https:\/\/www.mvtpaix.org\/wordpress\/wp-content\/plugins\/social-media-feather\/synved-social\/image\/social\/regular\/64x64\/facebook.png\" \/><\/a><a class=\"synved-social-button synved-social-button-share synved-social-size-32 synved-social-resolution-single synved-social-provider-twitter nolightbox\" data-provider=\"twitter\" target=\"_blank\" rel=\"nofollow\" title=\"Partagez cette page sur Twitter\" href=\"https:\/\/twitter.com\/intent\/tweet?url=https%3A%2F%2Fwww.mvtpaix.org%2Fwordpress%2Fwp-json%2Fwp%2Fv2%2Fposts%2F123121&#038;text=Suivez%20le%20Mouvement%20de%20la%20Paix%20\" style=\"font-size: 0px; width:32px;height:32px;margin:0;margin-bottom:5px;margin-right:5px;\"><img alt=\"twitter\" title=\"Partagez cette page sur Twitter\" class=\"synved-share-image synved-social-image synved-social-image-share\" width=\"32\" height=\"32\" style=\"display: inline; width:32px;height:32px; margin: 0; padding: 0; border: none; box-shadow: none;\" src=\"https:\/\/www.mvtpaix.org\/wordpress\/wp-content\/plugins\/social-media-feather\/synved-social\/image\/social\/regular\/64x64\/twitter.png\" \/><\/a><a class=\"synved-social-button synved-social-button-share synved-social-size-32 synved-social-resolution-single synved-social-provider-mail nolightbox\" data-provider=\"mail\" rel=\"nofollow\" title=\"Partagez-nous par email\" href=\"mailto:?subject=A%20Saint-%C3%89tienne%20%2842%29%20le%2010%20janvier%20contre%20l%E2%80%99intervention%20au%20Venezuela&#038;body=Suivez%20le%20Mouvement%20de%20la%20Paix%20:%20https%3A%2F%2Fwww.mvtpaix.org%2Fwordpress%2Fwp-json%2Fwp%2Fv2%2Fposts%2F123121\" style=\"font-size: 0px; width:32px;height:32px;margin:0;margin-bottom:5px;\"><img alt=\"mail\" title=\"Partagez-nous par email\" class=\"synved-share-image synved-social-image synved-social-image-share\" width=\"32\" height=\"32\" style=\"display: inline; width:32px;height:32px; margin: 0; padding: 0; border: none; box-shadow: none;\" src=\"https:\/\/www.mvtpaix.org\/wordpress\/wp-content\/plugins\/social-media-feather\/synved-social\/image\/social\/regular\/64x64\/mail.png\" \/><\/a>","protected":false},"excerpt":{"rendered":"<p>Malgr\u00e9 la neige, une cinquantaine de personnes \u00e0 Saint-\u00c9tienne contre l&#8217;intervention au Venezuela. Les intemp\u00e9ries et le froid n&#8217;ont pas emp\u00each\u00e9 une cinquantaine de st\u00e9phanois de se rassembler ce samedi matin, place Jaur\u00e8s, dans le cadre de l&#8217;appel national &#8221; Non \u00e0 l\u2019imp\u00e9rialisme ! Solidarit\u00e9 avec la population du Venezuela ! &#8221; rassemblant syndicats et [&hellip;]<\/p>\n","protected":false},"author":23,"featured_media":89771,"comment_status":"open","ping_status":"closed","sticky":false,"template":"","format":"standard","meta":[],"categories":[236],"tags":[636,631,233],"_links":{"self":[{"href":"https:\/\/www.mvtpaix.org\/wordpress\/wp-json\/wp\/v2\/posts\/123121"}],"collection":[{"href":"https:\/\/www.mvtpaix.org\/wordpress\/wp-json\/wp\/v2\/posts"}],"about":[{"href":"https:\/\/www.mvtpaix.org\/wordpress\/wp-json\/wp\/v2\/types\/post"}],"author":[{"embeddable":true,"href":"https:\/\/www.mvtpaix.org\/wordpress\/wp-json\/wp\/v2\/users\/23"}],"replies":[{"embeddable":true,"href":"https:\/\/www.mvtpaix.org\/wordpress\/wp-json\/wp\/v2\/comments?post=123121"}],"version-history":[{"count":1,"href":"https:\/\/www.mvtpaix.org\/wordpress\/wp-json\/wp\/v2\/posts\/123121\/revisions"}],"predecessor-version":[{"id":123125,"href":"https:\/\/www.mvtpaix.org\/wordpress\/wp-json\/wp\/v2\/posts\/123121\/revisions\/123125"}],"wp:featuredmedia":[{"embeddable":true,"href":"https:\/\/www.mvtpaix.org\/wordpress\/wp-json\/wp\/v2\/media\/89771"}],"wp:attachment":[{"href":"https:\/\/www.mvtpaix.org\/wordpress\/wp-json\/wp\/v2\/media?parent=123121"}],"wp:term":[{"taxonomy":"category","embeddable":true,"href":"https:\/\/www.mvtpaix.org\/wordpress\/wp-json\/wp\/v2\/categories?post=123121"},{"taxonomy":"post_tag","embeddable":true,"href":"https:\/\/www.mvtpaix.org\/wordpress\/wp-json\/wp\/v2\/tags?post=123121"}],"curies":[{"name":"wp","href":"https:\/\/api.w.org\/{rel}","templated":true}]}}