{"id":122943,"date":"2025-11-19T17:01:59","date_gmt":"2025-11-19T16:01:59","guid":{"rendered":"https:\/\/www.mvtpaix.org\/wordpress\/?p=122943"},"modified":"2025-12-15T12:08:12","modified_gmt":"2025-12-15T11:08:12","slug":"en-savoie-pour-le-7-et-11-novembre","status":"publish","type":"post","link":"https:\/\/www.mvtpaix.org\/wordpress\/2025\/11\/19\/en-savoie-pour-le-7-et-11-novembre\/","title":{"rendered":"En Savoie pour le 7 et 11 novembre"},"content":{"rendered":"<p><a href=\"https:\/\/www.mvtpaix.org\/wordpress\/wp-content\/uploads\/2025\/11\/savoie.jpg\"><img loading=\"lazy\" class=\"size-medium wp-image-122944 aligncenter\" src=\"https:\/\/www.mvtpaix.org\/wordpress\/wp-content\/uploads\/2025\/11\/savoie-300x177.jpg\" alt=\"\" width=\"300\" height=\"177\" srcset=\"https:\/\/www.mvtpaix.org\/wordpress\/wp-content\/uploads\/2025\/11\/savoie-300x177.jpg 300w, https:\/\/www.mvtpaix.org\/wordpress\/wp-content\/uploads\/2025\/11\/savoie-768x452.jpg 768w, https:\/\/www.mvtpaix.org\/wordpress\/wp-content\/uploads\/2025\/11\/savoie.jpg 1019w\" sizes=\"(max-width: 300px) 100vw, 300px\" \/><\/a><\/p>\n<p><span style=\"color: #ff0000;\"><strong>7 novembre<\/strong><\/span> :<br \/>\nLa municipalit\u00e9 de Saint Jean de Maurienne est organisatrice d\u2019une exposition d\u2019affiches (du 3 au 30 novembre) intitul\u00e9e \u00ab <em>Plantu esquisse le d\u00e9bat<\/em> \u00bb, dans le cadre de l\u2019\u00e9ducation \u00e0 la citoyennet\u00e9. Le dessinateur a \u00e9t\u00e9 pr\u00e9sent toute la journ\u00e9e du 7 novembre pour rencontrer des \u00e9l\u00e8ves des \u00e9coles \u00e9l\u00e9mentaires, du coll\u00e8ge et du lyc\u00e9e.<\/p>\n<p><strong>Chiraze Mzati<\/strong>, conseill\u00e8re municipale d\u00e9j\u00e0 tr\u00e8s impliqu\u00e9e dans l\u2019accueil des Amis fran\u00e7ais du <em><strong>village Neve Shalom \/\u00a0 Wahat As Salam<\/strong><\/em> que nous avions initi\u00e9, a invit\u00e9 notre mouvement \u00e0 l\u2019inauguration de l\u2019exposition en pr\u00e9sence de <strong>Plantu<\/strong>. <strong>Laurette Mugnier<\/strong> a pris la parole pour dire combien nous \u00e9tions attach\u00e9s \u00e0 promouvoir la Culture de la Paix et, dans ce cadre, \u00e0 d\u00e9velopper l\u2019\u00c9ducation \u00e0 la Paix, ce que le dessinateur n\u2019a pas manqu\u00e9 de mettre en valeur lors de sa prise de parole. Il a \u00e9galement souhait\u00e9 que nous restions en contact et sera de retour en Savoie en janvier 2026.<br \/>\nLe matin m\u00eame, comme lors de la journ\u00e9e consacr\u00e9e au village \u00ab <em><strong>Oasis de Paix<\/strong><\/em> \u00bb, nous avons \u00e9t\u00e9 accueillis dans une classe de terminale du lyc\u00e9e de la ville \u00e0 l\u2019invitation d\u2019un professeur d\u2019histoire.<\/p>\n<p><span style=\"color: #ff0000;\"><strong>11 novembre<\/strong><\/span> :<br \/>\nNous nous sommes rassembl\u00e9s, comme chaque ann\u00e9e \u00e0 Chamb\u00e9ry, \u00e0 l\u2019initiative du Mouvement de la paix, de la Ligue des Droits de l\u2019Homme et de la Libre Pens\u00e9e, pour demander la r\u00e9habilitation collective des Fusill\u00e9s pour l\u2019exemple de 1914-1918.<\/p>\n<p><\/p>\n<a class=\"synved-social-button synved-social-button-share synved-social-size-32 synved-social-resolution-single synved-social-provider-facebook nolightbox\" data-provider=\"facebook\" target=\"_blank\" rel=\"nofollow\" title=\"Partagez cette page sur Facebook\" href=\"https:\/\/www.facebook.com\/sharer.php?u=https%3A%2F%2Fwww.mvtpaix.org%2Fwordpress%2Fwp-json%2Fwp%2Fv2%2Fposts%2F122943&#038;t=En%20Savoie%20pour%20le%207%20et%2011%20novembre&#038;s=100&#038;p&#091;url&#093;=https%3A%2F%2Fwww.mvtpaix.org%2Fwordpress%2Fwp-json%2Fwp%2Fv2%2Fposts%2F122943&#038;p&#091;images&#093;&#091;0&#093;=https%3A%2F%2Fwww.mvtpaix.org%2Fwordpress%2Fwp-content%2Fuploads%2F2014%2F06%2Ffond-neutre.gif&#038;p&#091;title&#093;=En%20Savoie%20pour%20le%207%20et%2011%20novembre\" style=\"font-size: 0px; width:32px;height:32px;margin:0;margin-bottom:5px;margin-right:5px;\"><img alt=\"Facebook\" title=\"Partagez cette page sur Facebook\" class=\"synved-share-image synved-social-image synved-social-image-share\" width=\"32\" height=\"32\" style=\"display: inline; width:32px;height:32px; margin: 0; padding: 0; border: none; box-shadow: none;\" src=\"https:\/\/www.mvtpaix.org\/wordpress\/wp-content\/plugins\/social-media-feather\/synved-social\/image\/social\/regular\/64x64\/facebook.png\" \/><\/a><a class=\"synved-social-button synved-social-button-share synved-social-size-32 synved-social-resolution-single synved-social-provider-twitter nolightbox\" data-provider=\"twitter\" target=\"_blank\" rel=\"nofollow\" title=\"Partagez cette page sur Twitter\" href=\"https:\/\/twitter.com\/intent\/tweet?url=https%3A%2F%2Fwww.mvtpaix.org%2Fwordpress%2Fwp-json%2Fwp%2Fv2%2Fposts%2F122943&#038;text=Suivez%20le%20Mouvement%20de%20la%20Paix%20\" style=\"font-size: 0px; width:32px;height:32px;margin:0;margin-bottom:5px;margin-right:5px;\"><img alt=\"twitter\" title=\"Partagez cette page sur Twitter\" class=\"synved-share-image synved-social-image synved-social-image-share\" width=\"32\" height=\"32\" style=\"display: inline; width:32px;height:32px; margin: 0; padding: 0; border: none; box-shadow: none;\" src=\"https:\/\/www.mvtpaix.org\/wordpress\/wp-content\/plugins\/social-media-feather\/synved-social\/image\/social\/regular\/64x64\/twitter.png\" \/><\/a><a class=\"synved-social-button synved-social-button-share synved-social-size-32 synved-social-resolution-single synved-social-provider-mail nolightbox\" data-provider=\"mail\" rel=\"nofollow\" title=\"Partagez-nous par email\" href=\"mailto:?subject=En%20Savoie%20pour%20le%207%20et%2011%20novembre&#038;body=Suivez%20le%20Mouvement%20de%20la%20Paix%20:%20https%3A%2F%2Fwww.mvtpaix.org%2Fwordpress%2Fwp-json%2Fwp%2Fv2%2Fposts%2F122943\" style=\"font-size: 0px; width:32px;height:32px;margin:0;margin-bottom:5px;\"><img alt=\"mail\" title=\"Partagez-nous par email\" class=\"synved-share-image synved-social-image synved-social-image-share\" width=\"32\" height=\"32\" style=\"display: inline; width:32px;height:32px; margin: 0; padding: 0; border: none; box-shadow: none;\" src=\"https:\/\/www.mvtpaix.org\/wordpress\/wp-content\/plugins\/social-media-feather\/synved-social\/image\/social\/regular\/64x64\/mail.png\" \/><\/a>","protected":false},"excerpt":{"rendered":"<p>7 novembre : La municipalit\u00e9 de Saint Jean de Maurienne est organisatrice d\u2019une exposition d\u2019affiches (du 3 au 30 novembre) intitul\u00e9e \u00ab Plantu esquisse le d\u00e9bat \u00bb, dans le cadre de l\u2019\u00e9ducation \u00e0 la citoyennet\u00e9. Le dessinateur a \u00e9t\u00e9 pr\u00e9sent toute la journ\u00e9e du 7 novembre pour rencontrer des \u00e9l\u00e8ves des \u00e9coles \u00e9l\u00e9mentaires, du coll\u00e8ge [&hellip;]<\/p>\n","protected":false},"author":23,"featured_media":89771,"comment_status":"open","ping_status":"closed","sticky":false,"template":"","format":"standard","meta":[],"categories":[236],"tags":[69,636],"_links":{"self":[{"href":"https:\/\/www.mvtpaix.org\/wordpress\/wp-json\/wp\/v2\/posts\/122943"}],"collection":[{"href":"https:\/\/www.mvtpaix.org\/wordpress\/wp-json\/wp\/v2\/posts"}],"about":[{"href":"https:\/\/www.mvtpaix.org\/wordpress\/wp-json\/wp\/v2\/types\/post"}],"author":[{"embeddable":true,"href":"https:\/\/www.mvtpaix.org\/wordpress\/wp-json\/wp\/v2\/users\/23"}],"replies":[{"embeddable":true,"href":"https:\/\/www.mvtpaix.org\/wordpress\/wp-json\/wp\/v2\/comments?post=122943"}],"version-history":[{"count":1,"href":"https:\/\/www.mvtpaix.org\/wordpress\/wp-json\/wp\/v2\/posts\/122943\/revisions"}],"predecessor-version":[{"id":122945,"href":"https:\/\/www.mvtpaix.org\/wordpress\/wp-json\/wp\/v2\/posts\/122943\/revisions\/122945"}],"wp:featuredmedia":[{"embeddable":true,"href":"https:\/\/www.mvtpaix.org\/wordpress\/wp-json\/wp\/v2\/media\/89771"}],"wp:attachment":[{"href":"https:\/\/www.mvtpaix.org\/wordpress\/wp-json\/wp\/v2\/media?parent=122943"}],"wp:term":[{"taxonomy":"category","embeddable":true,"href":"https:\/\/www.mvtpaix.org\/wordpress\/wp-json\/wp\/v2\/categories?post=122943"},{"taxonomy":"post_tag","embeddable":true,"href":"https:\/\/www.mvtpaix.org\/wordpress\/wp-json\/wp\/v2\/tags?post=122943"}],"curies":[{"name":"wp","href":"https:\/\/api.w.org\/{rel}","templated":true}]}}