{"id":122323,"date":"2025-06-04T11:32:21","date_gmt":"2025-06-04T09:32:21","guid":{"rendered":"https:\/\/www.mvtpaix.org\/wordpress\/?p=122323"},"modified":"2025-06-04T11:35:29","modified_gmt":"2025-06-04T09:35:29","slug":"conference-a-la-maison-internationale-de-rennes-35-le-27-mai","status":"publish","type":"post","link":"https:\/\/www.mvtpaix.org\/wordpress\/2025\/06\/04\/conference-a-la-maison-internationale-de-rennes-35-le-27-mai\/","title":{"rendered":"Conf\u00e9rence \u00e0 la Maison Internationale de Rennes (35) le 27 mai"},"content":{"rendered":"<p><a href=\"https:\/\/www.mvtpaix.org\/wordpress\/wp-content\/uploads\/2025\/06\/20250527-rennes-mir.jpg\"><img loading=\"lazy\" class=\"size-medium wp-image-122324 aligncenter\" src=\"https:\/\/www.mvtpaix.org\/wordpress\/wp-content\/uploads\/2025\/06\/20250527-rennes-mir-300x169.jpg\" alt=\"\" width=\"300\" height=\"169\" srcset=\"https:\/\/www.mvtpaix.org\/wordpress\/wp-content\/uploads\/2025\/06\/20250527-rennes-mir-300x169.jpg 300w, https:\/\/www.mvtpaix.org\/wordpress\/wp-content\/uploads\/2025\/06\/20250527-rennes-mir-768x432.jpg 768w, https:\/\/www.mvtpaix.org\/wordpress\/wp-content\/uploads\/2025\/06\/20250527-rennes-mir.jpg 800w\" sizes=\"(max-width: 300px) 100vw, 300px\" \/><\/a>Le mardi 27 mai \u00e0 Rennes, \u00e0 la <strong>MIR<\/strong> (Maison Internationale de Rennes) s&#8217;est d\u00e9roul\u00e9 une conf\u00e9rence-d\u00e9bat organis\u00e9 par la <strong>MIR<\/strong>, le <span style=\"color: #0000ff;\"><strong>Mouvement de la Paix<\/strong><\/span>, la <strong>Maison de l\u2019Europe<\/strong> et <strong>Solidarit\u00e9 Bretagne Ukraine<\/strong> sur le th\u00e8me : \u00ab <em><strong>Paix en Europe : d\u00e9fis contemporains au regard du droit international et du droit de l\u2019UE<\/strong><\/em> \u00bb.<\/p>\n<p>Ce d\u00e9bat avait lieu dans le cadre des initiatives du <span style=\"color: #0000ff;\"><strong>Mouvement de la Paix<\/strong><\/span> pour la Journ\u00e9e \u00ab <span style=\"color: #ff6600;\"><strong>du vivre ensemble en paix<\/strong><\/span> \u00bb et de la semaine de l &#8216;Europe.<\/p>\n<p><span style=\"text-decoration: underline;\"><strong>Intervenants<\/strong><\/span> : <strong>Anne Hamonic<\/strong>, Ma\u00eetre de conf\u00e9rences en Droit public \u00e0 l\u2019Universit\u00e9 de Rennes 1, sp\u00e9cialiste du Droit de l\u2019Union europ\u00e9enne, <strong>Alain Rouy<\/strong>, vice-pr\u00e9sident du Bureau international de la paix, l\u2019une des plus anciennes organisations mondiales \u0153uvrant pour la paix.<\/p>\n<p>Une cinquantaine de personnes, une bonne conf\u00e9rence d&#8217;\u00e9ducation populaire de haut niveau d&#8217;o\u00f9 on ressort mieux inform\u00e9s en tant que citoyens et ayant mieux compris combien l&#8217;enjeu pour la paix n\u00e9cessite que les citoyens se mobilisent pour emp\u00eacher que la force y compris militaire ne se substitue au respect de la loi (et ce en violation le plus souvent de la charte des nations unie), mais aussi combien le droit de veto au sein du conseil de s\u00e9curit\u00e9 est un obstacle au respect du droit international.<\/p>\n<a class=\"synved-social-button synved-social-button-share synved-social-size-32 synved-social-resolution-single synved-social-provider-facebook nolightbox\" data-provider=\"facebook\" target=\"_blank\" rel=\"nofollow\" title=\"Partagez cette page sur Facebook\" href=\"https:\/\/www.facebook.com\/sharer.php?u=https%3A%2F%2Fwww.mvtpaix.org%2Fwordpress%2Fwp-json%2Fwp%2Fv2%2Fposts%2F122323&#038;t=Conf%C3%A9rence%20%C3%A0%20la%20Maison%20Internationale%20de%20Rennes%20%2835%29%20le%2027%20mai&#038;s=100&#038;p&#091;url&#093;=https%3A%2F%2Fwww.mvtpaix.org%2Fwordpress%2Fwp-json%2Fwp%2Fv2%2Fposts%2F122323&#038;p&#091;images&#093;&#091;0&#093;=https%3A%2F%2Fwww.mvtpaix.org%2Fwordpress%2Fwp-content%2Fuploads%2F2025%2F06%2F20250527-rennes-mir-300x169.jpg&#038;p&#091;title&#093;=Conf%C3%A9rence%20%C3%A0%20la%20Maison%20Internationale%20de%20Rennes%20%2835%29%20le%2027%20mai\" style=\"font-size: 0px; width:32px;height:32px;margin:0;margin-bottom:5px;margin-right:5px;\"><img alt=\"Facebook\" title=\"Partagez cette page sur Facebook\" class=\"synved-share-image synved-social-image synved-social-image-share\" width=\"32\" height=\"32\" style=\"display: inline; width:32px;height:32px; margin: 0; padding: 0; border: none; box-shadow: none;\" src=\"https:\/\/www.mvtpaix.org\/wordpress\/wp-content\/plugins\/social-media-feather\/synved-social\/image\/social\/regular\/64x64\/facebook.png\" \/><\/a><a class=\"synved-social-button synved-social-button-share synved-social-size-32 synved-social-resolution-single synved-social-provider-twitter nolightbox\" data-provider=\"twitter\" target=\"_blank\" rel=\"nofollow\" title=\"Partagez cette page sur Twitter\" href=\"https:\/\/twitter.com\/intent\/tweet?url=https%3A%2F%2Fwww.mvtpaix.org%2Fwordpress%2Fwp-json%2Fwp%2Fv2%2Fposts%2F122323&#038;text=Suivez%20le%20Mouvement%20de%20la%20Paix%20\" style=\"font-size: 0px; width:32px;height:32px;margin:0;margin-bottom:5px;margin-right:5px;\"><img alt=\"twitter\" title=\"Partagez cette page sur Twitter\" class=\"synved-share-image synved-social-image synved-social-image-share\" width=\"32\" height=\"32\" style=\"display: inline; width:32px;height:32px; margin: 0; padding: 0; border: none; box-shadow: none;\" src=\"https:\/\/www.mvtpaix.org\/wordpress\/wp-content\/plugins\/social-media-feather\/synved-social\/image\/social\/regular\/64x64\/twitter.png\" \/><\/a><a class=\"synved-social-button synved-social-button-share synved-social-size-32 synved-social-resolution-single synved-social-provider-mail nolightbox\" data-provider=\"mail\" rel=\"nofollow\" title=\"Partagez-nous par email\" href=\"mailto:?subject=Conf%C3%A9rence%20%C3%A0%20la%20Maison%20Internationale%20de%20Rennes%20%2835%29%20le%2027%20mai&#038;body=Suivez%20le%20Mouvement%20de%20la%20Paix%20:%20https%3A%2F%2Fwww.mvtpaix.org%2Fwordpress%2Fwp-json%2Fwp%2Fv2%2Fposts%2F122323\" style=\"font-size: 0px; width:32px;height:32px;margin:0;margin-bottom:5px;\"><img alt=\"mail\" title=\"Partagez-nous par email\" class=\"synved-share-image synved-social-image synved-social-image-share\" width=\"32\" height=\"32\" style=\"display: inline; width:32px;height:32px; margin: 0; padding: 0; border: none; box-shadow: none;\" src=\"https:\/\/www.mvtpaix.org\/wordpress\/wp-content\/plugins\/social-media-feather\/synved-social\/image\/social\/regular\/64x64\/mail.png\" \/><\/a>","protected":false},"excerpt":{"rendered":"<p>Le mardi 27 mai \u00e0 Rennes, \u00e0 la MIR (Maison Internationale de Rennes) s&#8217;est d\u00e9roul\u00e9 une conf\u00e9rence-d\u00e9bat organis\u00e9 par la MIR, le Mouvement de la Paix, la Maison de l\u2019Europe et Solidarit\u00e9 Bretagne Ukraine sur le th\u00e8me : \u00ab Paix en Europe : d\u00e9fis contemporains au regard du droit international et du droit de l\u2019UE [&hellip;]<\/p>\n","protected":false},"author":23,"featured_media":0,"comment_status":"open","ping_status":"closed","sticky":false,"template":"","format":"standard","meta":[],"categories":[236],"tags":[256,385,693],"_links":{"self":[{"href":"https:\/\/www.mvtpaix.org\/wordpress\/wp-json\/wp\/v2\/posts\/122323"}],"collection":[{"href":"https:\/\/www.mvtpaix.org\/wordpress\/wp-json\/wp\/v2\/posts"}],"about":[{"href":"https:\/\/www.mvtpaix.org\/wordpress\/wp-json\/wp\/v2\/types\/post"}],"author":[{"embeddable":true,"href":"https:\/\/www.mvtpaix.org\/wordpress\/wp-json\/wp\/v2\/users\/23"}],"replies":[{"embeddable":true,"href":"https:\/\/www.mvtpaix.org\/wordpress\/wp-json\/wp\/v2\/comments?post=122323"}],"version-history":[{"count":3,"href":"https:\/\/www.mvtpaix.org\/wordpress\/wp-json\/wp\/v2\/posts\/122323\/revisions"}],"predecessor-version":[{"id":122327,"href":"https:\/\/www.mvtpaix.org\/wordpress\/wp-json\/wp\/v2\/posts\/122323\/revisions\/122327"}],"wp:attachment":[{"href":"https:\/\/www.mvtpaix.org\/wordpress\/wp-json\/wp\/v2\/media?parent=122323"}],"wp:term":[{"taxonomy":"category","embeddable":true,"href":"https:\/\/www.mvtpaix.org\/wordpress\/wp-json\/wp\/v2\/categories?post=122323"},{"taxonomy":"post_tag","embeddable":true,"href":"https:\/\/www.mvtpaix.org\/wordpress\/wp-json\/wp\/v2\/tags?post=122323"}],"curies":[{"name":"wp","href":"https:\/\/api.w.org\/{rel}","templated":true}]}}