{"id":121949,"date":"2025-03-30T17:48:44","date_gmt":"2025-03-30T15:48:44","guid":{"rendered":"https:\/\/www.mvtpaix.org\/wordpress\/?p=121949"},"modified":"2025-03-30T17:48:44","modified_gmt":"2025-03-30T15:48:44","slug":"journee-des-solidarites-a-carhaix-29","status":"publish","type":"post","link":"https:\/\/www.mvtpaix.org\/wordpress\/2025\/03\/30\/journee-des-solidarites-a-carhaix-29\/","title":{"rendered":"Journ\u00e9e des solidarit\u00e9s \u00e0 Carhaix (29)"},"content":{"rendered":"<p><a href=\"https:\/\/www.mvtpaix.org\/wordpress\/wp-content\/uploads\/2025\/03\/20250329-stand-carhaix.jpg\"><img loading=\"lazy\" class=\"size-medium wp-image-121950 aligncenter\" src=\"https:\/\/www.mvtpaix.org\/wordpress\/wp-content\/uploads\/2025\/03\/20250329-stand-carhaix-300x225.jpg\" alt=\"\" width=\"300\" height=\"225\" srcset=\"https:\/\/www.mvtpaix.org\/wordpress\/wp-content\/uploads\/2025\/03\/20250329-stand-carhaix-300x225.jpg 300w, https:\/\/www.mvtpaix.org\/wordpress\/wp-content\/uploads\/2025\/03\/20250329-stand-carhaix-768x576.jpg 768w, https:\/\/www.mvtpaix.org\/wordpress\/wp-content\/uploads\/2025\/03\/20250329-stand-carhaix.jpg 800w\" sizes=\"(max-width: 300px) 100vw, 300px\" \/><\/a>Le comit\u00e9 finist\u00e9rien du Mouvement de la paix a particip\u00e9 \u00e0 la &#8221; <strong><span style=\"color: #0000ff;\">journ\u00e9e des solidarit\u00e9s<\/span><\/strong> &#8221; organis\u00e9e par l&#8217;<strong>AFPS<\/strong> (Association France Palestine Solidarit\u00e9) du centre Bretagne.<\/p>\n<p>Rencontres tr\u00e8s int\u00e9ressantes durant cette journ\u00e9e de solidarit\u00e9.<br \/>\nDiscussions tr\u00e8s riches.<br \/>\n<strong>3 adh\u00e9sions nouvelles<\/strong>.<\/p>\n<p><a href=\"https:\/\/www.mvtpaix.org\/wordpress\/wp-content\/uploads\/2025\/03\/20250329-affiche-carhaix.jpg\"><img loading=\"lazy\" class=\"size-medium wp-image-121951 aligncenter\" src=\"https:\/\/www.mvtpaix.org\/wordpress\/wp-content\/uploads\/2025\/03\/20250329-affiche-carhaix-212x300.jpg\" alt=\"\" width=\"212\" height=\"300\" srcset=\"https:\/\/www.mvtpaix.org\/wordpress\/wp-content\/uploads\/2025\/03\/20250329-affiche-carhaix-212x300.jpg 212w, https:\/\/www.mvtpaix.org\/wordpress\/wp-content\/uploads\/2025\/03\/20250329-affiche-carhaix.jpg 564w\" sizes=\"(max-width: 212px) 100vw, 212px\" \/><\/a><\/p>\n<a class=\"synved-social-button synved-social-button-share synved-social-size-32 synved-social-resolution-single synved-social-provider-facebook nolightbox\" data-provider=\"facebook\" target=\"_blank\" rel=\"nofollow\" title=\"Partagez cette page sur Facebook\" href=\"https:\/\/www.facebook.com\/sharer.php?u=https%3A%2F%2Fwww.mvtpaix.org%2Fwordpress%2Fwp-json%2Fwp%2Fv2%2Fposts%2F121949&#038;t=Journ%C3%A9e%20des%20solidarit%C3%A9s%20%C3%A0%20Carhaix%20%2829%29&#038;s=100&#038;p&#091;url&#093;=https%3A%2F%2Fwww.mvtpaix.org%2Fwordpress%2Fwp-json%2Fwp%2Fv2%2Fposts%2F121949&#038;p&#091;images&#093;&#091;0&#093;=https%3A%2F%2Fwww.mvtpaix.org%2Fwordpress%2Fwp-content%2Fuploads%2F2025%2F03%2F20250329-stand-carhaix-300x225.jpg&#038;p&#091;title&#093;=Journ%C3%A9e%20des%20solidarit%C3%A9s%20%C3%A0%20Carhaix%20%2829%29\" style=\"font-size: 0px; width:32px;height:32px;margin:0;margin-bottom:5px;margin-right:5px;\"><img alt=\"Facebook\" title=\"Partagez cette page sur Facebook\" class=\"synved-share-image synved-social-image synved-social-image-share\" width=\"32\" height=\"32\" style=\"display: inline; width:32px;height:32px; margin: 0; padding: 0; border: none; box-shadow: none;\" src=\"https:\/\/www.mvtpaix.org\/wordpress\/wp-content\/plugins\/social-media-feather\/synved-social\/image\/social\/regular\/64x64\/facebook.png\" \/><\/a><a class=\"synved-social-button synved-social-button-share synved-social-size-32 synved-social-resolution-single synved-social-provider-twitter nolightbox\" data-provider=\"twitter\" target=\"_blank\" rel=\"nofollow\" title=\"Partagez cette page sur Twitter\" href=\"https:\/\/twitter.com\/intent\/tweet?url=https%3A%2F%2Fwww.mvtpaix.org%2Fwordpress%2Fwp-json%2Fwp%2Fv2%2Fposts%2F121949&#038;text=Suivez%20le%20Mouvement%20de%20la%20Paix%20\" style=\"font-size: 0px; width:32px;height:32px;margin:0;margin-bottom:5px;margin-right:5px;\"><img alt=\"twitter\" title=\"Partagez cette page sur Twitter\" class=\"synved-share-image synved-social-image synved-social-image-share\" width=\"32\" height=\"32\" style=\"display: inline; width:32px;height:32px; margin: 0; padding: 0; border: none; box-shadow: none;\" src=\"https:\/\/www.mvtpaix.org\/wordpress\/wp-content\/plugins\/social-media-feather\/synved-social\/image\/social\/regular\/64x64\/twitter.png\" \/><\/a><a class=\"synved-social-button synved-social-button-share synved-social-size-32 synved-social-resolution-single synved-social-provider-mail nolightbox\" data-provider=\"mail\" rel=\"nofollow\" title=\"Partagez-nous par email\" href=\"mailto:?subject=Journ%C3%A9e%20des%20solidarit%C3%A9s%20%C3%A0%20Carhaix%20%2829%29&#038;body=Suivez%20le%20Mouvement%20de%20la%20Paix%20:%20https%3A%2F%2Fwww.mvtpaix.org%2Fwordpress%2Fwp-json%2Fwp%2Fv2%2Fposts%2F121949\" style=\"font-size: 0px; width:32px;height:32px;margin:0;margin-bottom:5px;\"><img alt=\"mail\" title=\"Partagez-nous par email\" class=\"synved-share-image synved-social-image synved-social-image-share\" width=\"32\" height=\"32\" style=\"display: inline; width:32px;height:32px; margin: 0; padding: 0; border: none; box-shadow: none;\" src=\"https:\/\/www.mvtpaix.org\/wordpress\/wp-content\/plugins\/social-media-feather\/synved-social\/image\/social\/regular\/64x64\/mail.png\" \/><\/a>","protected":false},"excerpt":{"rendered":"<p>Le comit\u00e9 finist\u00e9rien du Mouvement de la paix a particip\u00e9 \u00e0 la &#8221; journ\u00e9e des solidarit\u00e9s &#8221; organis\u00e9e par l&#8217;AFPS (Association France Palestine Solidarit\u00e9) du centre Bretagne. Rencontres tr\u00e8s int\u00e9ressantes durant cette journ\u00e9e de solidarit\u00e9. Discussions tr\u00e8s riches. 3 adh\u00e9sions nouvelles.<\/p>\n","protected":false},"author":23,"featured_media":0,"comment_status":"open","ping_status":"closed","sticky":false,"template":"","format":"standard","meta":[],"categories":[236],"tags":[256,234],"_links":{"self":[{"href":"https:\/\/www.mvtpaix.org\/wordpress\/wp-json\/wp\/v2\/posts\/121949"}],"collection":[{"href":"https:\/\/www.mvtpaix.org\/wordpress\/wp-json\/wp\/v2\/posts"}],"about":[{"href":"https:\/\/www.mvtpaix.org\/wordpress\/wp-json\/wp\/v2\/types\/post"}],"author":[{"embeddable":true,"href":"https:\/\/www.mvtpaix.org\/wordpress\/wp-json\/wp\/v2\/users\/23"}],"replies":[{"embeddable":true,"href":"https:\/\/www.mvtpaix.org\/wordpress\/wp-json\/wp\/v2\/comments?post=121949"}],"version-history":[{"count":1,"href":"https:\/\/www.mvtpaix.org\/wordpress\/wp-json\/wp\/v2\/posts\/121949\/revisions"}],"predecessor-version":[{"id":121952,"href":"https:\/\/www.mvtpaix.org\/wordpress\/wp-json\/wp\/v2\/posts\/121949\/revisions\/121952"}],"wp:attachment":[{"href":"https:\/\/www.mvtpaix.org\/wordpress\/wp-json\/wp\/v2\/media?parent=121949"}],"wp:term":[{"taxonomy":"category","embeddable":true,"href":"https:\/\/www.mvtpaix.org\/wordpress\/wp-json\/wp\/v2\/categories?post=121949"},{"taxonomy":"post_tag","embeddable":true,"href":"https:\/\/www.mvtpaix.org\/wordpress\/wp-json\/wp\/v2\/tags?post=121949"}],"curies":[{"name":"wp","href":"https:\/\/api.w.org\/{rel}","templated":true}]}}