{"id":121833,"date":"2025-03-09T17:20:52","date_gmt":"2025-03-09T16:20:52","guid":{"rendered":"https:\/\/www.mvtpaix.org\/wordpress\/?p=121833"},"modified":"2025-03-11T12:57:51","modified_gmt":"2025-03-11T11:57:51","slug":"608eme-edition-de-la-foire-grasse-a-luneville","status":"publish","type":"post","link":"https:\/\/www.mvtpaix.org\/wordpress\/2025\/03\/09\/608eme-edition-de-la-foire-grasse-a-luneville\/","title":{"rendered":"608\u00e8me \u00e9dition de la Foire Grasse \u00e0 Lun\u00e9ville"},"content":{"rendered":"<p><a href=\"https:\/\/www.mvtpaix.org\/wordpress\/wp-content\/uploads\/2025\/03\/20250303-luneville-01.jpg\"><img loading=\"lazy\" class=\"size-medium wp-image-121834 alignleft\" src=\"https:\/\/www.mvtpaix.org\/wordpress\/wp-content\/uploads\/2025\/03\/20250303-luneville-01-300x225.jpg\" alt=\"\" width=\"300\" height=\"225\" srcset=\"https:\/\/www.mvtpaix.org\/wordpress\/wp-content\/uploads\/2025\/03\/20250303-luneville-01-300x225.jpg 300w, https:\/\/www.mvtpaix.org\/wordpress\/wp-content\/uploads\/2025\/03\/20250303-luneville-01-768x576.jpg 768w, https:\/\/www.mvtpaix.org\/wordpress\/wp-content\/uploads\/2025\/03\/20250303-luneville-01.jpg 800w\" sizes=\"(max-width: 300px) 100vw, 300px\" \/><\/a>Notre comit\u00e9 s&#8217;est install\u00e9 comme depuis plusieurs ann\u00e9es lors de la <strong>Foire Grasse de Lun\u00e9ville<\/strong>.<\/p>\n<p>C&#8217;est un rendez vous important pour les Lun\u00e9villois, mais aussi tous les habitants des villages de l&#8217;arrondissement.<br \/>\nDes discussions avec nos concitoyens et quelques <strong>35 signatures de la p\u00e9tition pour le TIAN<\/strong> ont \u00e9t\u00e9 faites.<br \/>\nJe signale \u00e0 nouveau cette ann\u00e9e des r\u00e9flexions un peu agressives de nombreuses personnes proches du RN mais aussi la volont\u00e9 de s&#8217;armer toujours plus et\u00a0 \u00ab <strong><em>si on n&#8217;avait pas l&#8217;arme nucl\u00e9aire les russes nous attaqueraient<\/em><\/strong> \u00bb.<\/p>\n<p>Quelques agr\u00e9ables soutiens tout de m\u00eame chez des jeunes \u00e9galement.<br \/>\nNous avons fait quelques p\u00e9titions.<\/p>\n<p>\nPatrick<\/p>\n<p>&nbsp;<\/p>\n<p><a href=\"https:\/\/www.mvtpaix.org\/wordpress\/wp-content\/uploads\/2025\/03\/20250303-luneville-02.jpg\"><img loading=\"lazy\" class=\"size-medium wp-image-121835 aligncenter\" src=\"https:\/\/www.mvtpaix.org\/wordpress\/wp-content\/uploads\/2025\/03\/20250303-luneville-02-300x169.jpg\" alt=\"\" width=\"300\" height=\"169\" srcset=\"https:\/\/www.mvtpaix.org\/wordpress\/wp-content\/uploads\/2025\/03\/20250303-luneville-02-300x169.jpg 300w, https:\/\/www.mvtpaix.org\/wordpress\/wp-content\/uploads\/2025\/03\/20250303-luneville-02-768x432.jpg 768w, https:\/\/www.mvtpaix.org\/wordpress\/wp-content\/uploads\/2025\/03\/20250303-luneville-02.jpg 800w\" sizes=\"(max-width: 300px) 100vw, 300px\" \/><\/a><\/p>\n<a class=\"synved-social-button synved-social-button-share synved-social-size-32 synved-social-resolution-single synved-social-provider-facebook nolightbox\" data-provider=\"facebook\" target=\"_blank\" rel=\"nofollow\" title=\"Partagez cette page sur Facebook\" href=\"https:\/\/www.facebook.com\/sharer.php?u=https%3A%2F%2Fwww.mvtpaix.org%2Fwordpress%2Fwp-json%2Fwp%2Fv2%2Fposts%2F121833&#038;t=608%C3%A8me%20%C3%A9dition%20de%20la%20Foire%20Grasse%20%C3%A0%20Lun%C3%A9ville&#038;s=100&#038;p&#091;url&#093;=https%3A%2F%2Fwww.mvtpaix.org%2Fwordpress%2Fwp-json%2Fwp%2Fv2%2Fposts%2F121833&#038;p&#091;images&#093;&#091;0&#093;=https%3A%2F%2Fwww.mvtpaix.org%2Fwordpress%2Fwp-content%2Fuploads%2F2025%2F03%2F20250303-luneville-01-300x225.jpg&#038;p&#091;title&#093;=608%C3%A8me%20%C3%A9dition%20de%20la%20Foire%20Grasse%20%C3%A0%20Lun%C3%A9ville\" style=\"font-size: 0px; width:32px;height:32px;margin:0;margin-bottom:5px;margin-right:5px;\"><img alt=\"Facebook\" title=\"Partagez cette page sur Facebook\" class=\"synved-share-image synved-social-image synved-social-image-share\" width=\"32\" height=\"32\" style=\"display: inline; width:32px;height:32px; margin: 0; padding: 0; border: none; box-shadow: none;\" src=\"https:\/\/www.mvtpaix.org\/wordpress\/wp-content\/plugins\/social-media-feather\/synved-social\/image\/social\/regular\/64x64\/facebook.png\" \/><\/a><a class=\"synved-social-button synved-social-button-share synved-social-size-32 synved-social-resolution-single synved-social-provider-twitter nolightbox\" data-provider=\"twitter\" target=\"_blank\" rel=\"nofollow\" title=\"Partagez cette page sur Twitter\" href=\"https:\/\/twitter.com\/intent\/tweet?url=https%3A%2F%2Fwww.mvtpaix.org%2Fwordpress%2Fwp-json%2Fwp%2Fv2%2Fposts%2F121833&#038;text=Suivez%20le%20Mouvement%20de%20la%20Paix%20\" style=\"font-size: 0px; width:32px;height:32px;margin:0;margin-bottom:5px;margin-right:5px;\"><img alt=\"twitter\" title=\"Partagez cette page sur Twitter\" class=\"synved-share-image synved-social-image synved-social-image-share\" width=\"32\" height=\"32\" style=\"display: inline; width:32px;height:32px; margin: 0; padding: 0; border: none; box-shadow: none;\" src=\"https:\/\/www.mvtpaix.org\/wordpress\/wp-content\/plugins\/social-media-feather\/synved-social\/image\/social\/regular\/64x64\/twitter.png\" \/><\/a><a class=\"synved-social-button synved-social-button-share synved-social-size-32 synved-social-resolution-single synved-social-provider-mail nolightbox\" data-provider=\"mail\" rel=\"nofollow\" title=\"Partagez-nous par email\" href=\"mailto:?subject=608%C3%A8me%20%C3%A9dition%20de%20la%20Foire%20Grasse%20%C3%A0%20Lun%C3%A9ville&#038;body=Suivez%20le%20Mouvement%20de%20la%20Paix%20:%20https%3A%2F%2Fwww.mvtpaix.org%2Fwordpress%2Fwp-json%2Fwp%2Fv2%2Fposts%2F121833\" style=\"font-size: 0px; width:32px;height:32px;margin:0;margin-bottom:5px;\"><img alt=\"mail\" title=\"Partagez-nous par email\" class=\"synved-share-image synved-social-image synved-social-image-share\" width=\"32\" height=\"32\" style=\"display: inline; width:32px;height:32px; margin: 0; padding: 0; border: none; box-shadow: none;\" src=\"https:\/\/www.mvtpaix.org\/wordpress\/wp-content\/plugins\/social-media-feather\/synved-social\/image\/social\/regular\/64x64\/mail.png\" \/><\/a>","protected":false},"excerpt":{"rendered":"<p>Notre comit\u00e9 s&#8217;est install\u00e9 comme depuis plusieurs ann\u00e9es lors de la Foire Grasse de Lun\u00e9ville. C&#8217;est un rendez vous important pour les Lun\u00e9villois, mais aussi tous les habitants des villages de l&#8217;arrondissement. Des discussions avec nos concitoyens et quelques 35 signatures de la p\u00e9tition pour le TIAN ont \u00e9t\u00e9 faites. Je signale \u00e0 nouveau cette [&hellip;]<\/p>\n","protected":false},"author":23,"featured_media":0,"comment_status":"open","ping_status":"closed","sticky":false,"template":"","format":"standard","meta":[],"categories":[236],"tags":[654,856],"_links":{"self":[{"href":"https:\/\/www.mvtpaix.org\/wordpress\/wp-json\/wp\/v2\/posts\/121833"}],"collection":[{"href":"https:\/\/www.mvtpaix.org\/wordpress\/wp-json\/wp\/v2\/posts"}],"about":[{"href":"https:\/\/www.mvtpaix.org\/wordpress\/wp-json\/wp\/v2\/types\/post"}],"author":[{"embeddable":true,"href":"https:\/\/www.mvtpaix.org\/wordpress\/wp-json\/wp\/v2\/users\/23"}],"replies":[{"embeddable":true,"href":"https:\/\/www.mvtpaix.org\/wordpress\/wp-json\/wp\/v2\/comments?post=121833"}],"version-history":[{"count":1,"href":"https:\/\/www.mvtpaix.org\/wordpress\/wp-json\/wp\/v2\/posts\/121833\/revisions"}],"predecessor-version":[{"id":121836,"href":"https:\/\/www.mvtpaix.org\/wordpress\/wp-json\/wp\/v2\/posts\/121833\/revisions\/121836"}],"wp:attachment":[{"href":"https:\/\/www.mvtpaix.org\/wordpress\/wp-json\/wp\/v2\/media?parent=121833"}],"wp:term":[{"taxonomy":"category","embeddable":true,"href":"https:\/\/www.mvtpaix.org\/wordpress\/wp-json\/wp\/v2\/categories?post=121833"},{"taxonomy":"post_tag","embeddable":true,"href":"https:\/\/www.mvtpaix.org\/wordpress\/wp-json\/wp\/v2\/tags?post=121833"}],"curies":[{"name":"wp","href":"https:\/\/api.w.org\/{rel}","templated":true}]}}