{"id":120940,"date":"2024-06-03T13:27:41","date_gmt":"2024-06-03T11:27:41","guid":{"rendered":"https:\/\/www.mvtpaix.org\/wordpress\/?p=120940"},"modified":"2024-06-03T13:52:06","modified_gmt":"2024-06-03T11:52:06","slug":"action-du-mouvement-de-la-paix-de-rennes-pour-la-treve-olympique-au-passage-de-la-flamme","status":"publish","type":"post","link":"https:\/\/www.mvtpaix.org\/wordpress\/2024\/06\/03\/action-du-mouvement-de-la-paix-de-rennes-pour-la-treve-olympique-au-passage-de-la-flamme\/","title":{"rendered":"Action du Mouvement de la paix de Rennes pour la tr\u00eave olympique au passage de la flamme"},"content":{"rendered":"<p><iframe loading=\"lazy\" title=\"Action du Mouvement de la paix de Rennes pour la tr\u00eave olympique au passage de la flamme - 1\" width=\"640\" height=\"360\" src=\"https:\/\/www.youtube.com\/embed\/yE5CkG9nbJo?feature=oembed\" frameborder=\"0\" allow=\"accelerometer; autoplay; clipboard-write; encrypted-media; gyroscope; picture-in-picture; web-share\" referrerpolicy=\"strict-origin-when-cross-origin\" allowfullscreen><\/iframe><\/p>\n<p><iframe loading=\"lazy\" title=\"Action du Mouvement de la paix de Rennes pour la tr\u00eave olympique au passage de la flamme - 2\" width=\"640\" height=\"360\" src=\"https:\/\/www.youtube.com\/embed\/JdAzOIs3t8U?feature=oembed\" frameborder=\"0\" allow=\"accelerometer; autoplay; clipboard-write; encrypted-media; gyroscope; picture-in-picture; web-share\" referrerpolicy=\"strict-origin-when-cross-origin\" allowfullscreen><\/iframe><\/p>\n<p><iframe loading=\"lazy\" title=\"Action du Mouvement de la paix de Rennes pour la tr\u00eave olympique au passage de la flamme - 3\" width=\"640\" height=\"360\" src=\"https:\/\/www.youtube.com\/embed\/oPzI8AtIL7Y?feature=oembed\" frameborder=\"0\" allow=\"accelerometer; autoplay; clipboard-write; encrypted-media; gyroscope; picture-in-picture; web-share\" referrerpolicy=\"strict-origin-when-cross-origin\" allowfullscreen><\/iframe><\/p>\n<p><iframe loading=\"lazy\" title=\"Action du Mouvement de la paix de Rennes pour la tr\u00eave olympique au passage de la flamme - 4\" width=\"640\" height=\"360\" src=\"https:\/\/www.youtube.com\/embed\/yV0AwRKCmYQ?feature=oembed\" frameborder=\"0\" allow=\"accelerometer; autoplay; clipboard-write; encrypted-media; gyroscope; picture-in-picture; web-share\" referrerpolicy=\"strict-origin-when-cross-origin\" allowfullscreen><\/iframe><\/p>\n<p><a href=\"https:\/\/www.mvtpaix.org\/wordpress\/wp-content\/uploads\/2024\/06\/WhatsApp-Image-2024-06-03-at-12.59.11.jpeg\"><img loading=\"lazy\" class=\"aligncenter size-full wp-image-120942\" src=\"https:\/\/www.mvtpaix.org\/wordpress\/wp-content\/uploads\/2024\/06\/WhatsApp-Image-2024-06-03-at-12.59.11.jpeg\" alt=\"\" width=\"2016\" height=\"1134\" srcset=\"https:\/\/www.mvtpaix.org\/wordpress\/wp-content\/uploads\/2024\/06\/WhatsApp-Image-2024-06-03-at-12.59.11.jpeg 2016w, https:\/\/www.mvtpaix.org\/wordpress\/wp-content\/uploads\/2024\/06\/WhatsApp-Image-2024-06-03-at-12.59.11-300x169.jpeg 300w, https:\/\/www.mvtpaix.org\/wordpress\/wp-content\/uploads\/2024\/06\/WhatsApp-Image-2024-06-03-at-12.59.11-1024x576.jpeg 1024w, https:\/\/www.mvtpaix.org\/wordpress\/wp-content\/uploads\/2024\/06\/WhatsApp-Image-2024-06-03-at-12.59.11-768x432.jpeg 768w, https:\/\/www.mvtpaix.org\/wordpress\/wp-content\/uploads\/2024\/06\/WhatsApp-Image-2024-06-03-at-12.59.11-1536x864.jpeg 1536w, https:\/\/www.mvtpaix.org\/wordpress\/wp-content\/uploads\/2024\/06\/WhatsApp-Image-2024-06-03-at-12.59.11-1320x743.jpeg 1320w\" sizes=\"(max-width: 2016px) 100vw, 2016px\" \/><\/a><\/p>\n<p><span style=\"font-size: 14pt;\"><strong>Communiqu\u00e9 du comit\u00e9 de Rennes du Mouvement de la Paix<\/strong><\/span><\/p>\n<p><span style=\"font-size: 14pt;\"><strong>A l\u2019occasion du passage de la flamme Olympique \u00e0 Rennes le samedi 1 juin <\/strong><\/span><\/p>\n<p><span style=\"font-size: 14pt;\"><strong>Ensemble exigeons l&#8217;arr\u00eat des guerres pendant la tr\u00eave olympique et au-del\u00e0\u00a0!!\u00a0!<\/strong><\/span><\/p>\n<p>L\u2019assembl\u00e9e g\u00e9n\u00e9rale de l\u2019ONU le 21 novembre 2023 a adopt\u00e9, avec un vote positif de la France, une r\u00e9solution pour la mise en place d\u2019une tr\u00eave pendant la dur\u00e9e des Jeux Olympiques et Paralympiques de Paris 2024.<\/p>\n<p>La Tr\u00eave Olympique est une p\u00e9riode de paix qui invite \u00e0 l\u2019arr\u00eat des conflits (cessez-le-feu) des nations du monde durant les Jeux Olympiques, plus une semaine avant, une semaine apr\u00e8s les Jeux Paralympiques<\/p>\n<p><strong>Si nous nous r\u00e9jouissons de ce vote, il serait inconcevable qu\u2019il ne reste qu\u2019un v\u0153u pieu et que cette r\u00e9solution ne soit pas suivie d\u2019effets et d\u2019initiatives concr\u00e8tes de la part de chaque pays et en premier lieu de la France, pays organisateur des JO, qui a vot\u00e9 cette r\u00e9solution<\/strong><\/p>\n<p>Nous appelons les rennaises et rennais, les diff\u00e9rentes associations, les partis politiques et les syndicats \u00e0 signer la p\u00e9tition pour faire pression aupr\u00e8s du Pr\u00e9sident de la R\u00e9publique et du gouvernement de notre pays afin que la tr\u00eave Olympique devienne une r\u00e9alit\u00e9 et qu\u2019au moins des initiatives concr\u00e8tes soient prises en ce sens, sinon quel sens a le vote positif de la France aux Nations Unies<\/p>\n<p><strong><a href=\"https:\/\/www.mvtpaix.org\/wordpress\/petition-pour-larret-des-guerres-pendant-la-treve-olympique\/\">Signez la p\u00e9tition pour la tr\u00eave olympique<\/a><\/strong><\/p>\n<p>L\u2019enjeu est de mobiliser les populations, les associations, les partis politiques, les \u00e9lus-ues et les syndicats, les sportifs de Rennes et au-del\u00e0 pour faire pression aupr\u00e8s des chefs d\u2019Etat, afin qu\u2019ils agissent afin que la tr\u00eave Olympique devienne une r\u00e9alit\u00e9 pendant la tr\u00eave et au-del\u00e0.<\/p>\n<p>Le Mouvement de la Paix remercie par avance toutes les organisations, \u00e9lues-\u00e9lus, m\u00e9dias, sportifs, \u00e9ducateurs-trices, artistes, citoyennes et citoyens qui \u00e0 Rennes feront connaitre et soutiendront cette initiative \u00a0par tous les moyens \u00e0 leur disposition.<\/p>\n<p>Chacune et chacun l\u00e0 o\u00f9 il-elle est, peut agir pour contribuer \u00e0 faire faire que la belle id\u00e9e de l&#8217;arr\u00eat des combats sur l&#8217;ensemble de la plan\u00e8te, h\u00e9rit\u00e9e des premiers Jeux Olympiques en Gr\u00e8ce au 9\u00e8me si\u00e8cle avant J\u00e9sus-Christ, devienne une r\u00e9alit\u00e9 et contribue \u00e0 la construction d&#8217;un monde pacifique et meilleur gr\u00e2ce au sport et \u00e0 l&#8217;id\u00e9al olympique.<\/p>\n<p style=\"text-align: right;\"><strong>Le comit\u00e9 de Rennes du Mouvement de la Paix le 29 mai 2024<\/strong><\/p>\n<p><a href=\"https:\/\/www.mvtpaix.org\/wordpress\/wp-content\/uploads\/2024\/06\/WhatsApp-Image-2024-06-03-at-12.57.44.jpeg\"><img loading=\"lazy\" class=\"aligncenter size-full wp-image-120941\" src=\"https:\/\/www.mvtpaix.org\/wordpress\/wp-content\/uploads\/2024\/06\/WhatsApp-Image-2024-06-03-at-12.57.44.jpeg\" alt=\"\" width=\"2016\" height=\"1134\" srcset=\"https:\/\/www.mvtpaix.org\/wordpress\/wp-content\/uploads\/2024\/06\/WhatsApp-Image-2024-06-03-at-12.57.44.jpeg 2016w, https:\/\/www.mvtpaix.org\/wordpress\/wp-content\/uploads\/2024\/06\/WhatsApp-Image-2024-06-03-at-12.57.44-300x169.jpeg 300w, https:\/\/www.mvtpaix.org\/wordpress\/wp-content\/uploads\/2024\/06\/WhatsApp-Image-2024-06-03-at-12.57.44-1024x576.jpeg 1024w, https:\/\/www.mvtpaix.org\/wordpress\/wp-content\/uploads\/2024\/06\/WhatsApp-Image-2024-06-03-at-12.57.44-768x432.jpeg 768w, https:\/\/www.mvtpaix.org\/wordpress\/wp-content\/uploads\/2024\/06\/WhatsApp-Image-2024-06-03-at-12.57.44-1536x864.jpeg 1536w, https:\/\/www.mvtpaix.org\/wordpress\/wp-content\/uploads\/2024\/06\/WhatsApp-Image-2024-06-03-at-12.57.44-1320x743.jpeg 1320w\" sizes=\"(max-width: 2016px) 100vw, 2016px\" \/><\/a><\/p>\n<p>&nbsp;<\/p>\n<p>&nbsp;<\/p>\n<a class=\"synved-social-button synved-social-button-share synved-social-size-32 synved-social-resolution-single synved-social-provider-facebook nolightbox\" data-provider=\"facebook\" target=\"_blank\" rel=\"nofollow\" title=\"Partagez cette page sur Facebook\" href=\"https:\/\/www.facebook.com\/sharer.php?u=https%3A%2F%2Fwww.mvtpaix.org%2Fwordpress%2Fwp-json%2Fwp%2Fv2%2Fposts%2F120940&#038;t=Action%20du%20Mouvement%20de%20la%20paix%20de%20Rennes%20pour%20la%20tr%C3%AAve%20olympique%20au%20passage%20de%20la%20flamme&#038;s=100&#038;p&#091;url&#093;=https%3A%2F%2Fwww.mvtpaix.org%2Fwordpress%2Fwp-json%2Fwp%2Fv2%2Fposts%2F120940&#038;p&#091;images&#093;&#091;0&#093;=https%3A%2F%2Fwww.mvtpaix.org%2Fwordpress%2Fwp-content%2Fuploads%2F2024%2F06%2FWhatsApp-Image-2024-06-03-at-12.59.11.jpeg&#038;p&#091;title&#093;=Action%20du%20Mouvement%20de%20la%20paix%20de%20Rennes%20pour%20la%20tr%C3%AAve%20olympique%20au%20passage%20de%20la%20flamme\" style=\"font-size: 0px; width:32px;height:32px;margin:0;margin-bottom:5px;margin-right:5px;\"><img alt=\"Facebook\" title=\"Partagez cette page sur Facebook\" class=\"synved-share-image synved-social-image synved-social-image-share\" width=\"32\" height=\"32\" style=\"display: inline; width:32px;height:32px; margin: 0; padding: 0; border: none; box-shadow: none;\" src=\"https:\/\/www.mvtpaix.org\/wordpress\/wp-content\/plugins\/social-media-feather\/synved-social\/image\/social\/regular\/64x64\/facebook.png\" \/><\/a><a class=\"synved-social-button synved-social-button-share synved-social-size-32 synved-social-resolution-single synved-social-provider-twitter nolightbox\" data-provider=\"twitter\" target=\"_blank\" rel=\"nofollow\" title=\"Partagez cette page sur Twitter\" href=\"https:\/\/twitter.com\/intent\/tweet?url=https%3A%2F%2Fwww.mvtpaix.org%2Fwordpress%2Fwp-json%2Fwp%2Fv2%2Fposts%2F120940&#038;text=Suivez%20le%20Mouvement%20de%20la%20Paix%20\" style=\"font-size: 0px; width:32px;height:32px;margin:0;margin-bottom:5px;margin-right:5px;\"><img alt=\"twitter\" title=\"Partagez cette page sur Twitter\" class=\"synved-share-image synved-social-image synved-social-image-share\" width=\"32\" height=\"32\" style=\"display: inline; width:32px;height:32px; margin: 0; padding: 0; border: none; box-shadow: none;\" src=\"https:\/\/www.mvtpaix.org\/wordpress\/wp-content\/plugins\/social-media-feather\/synved-social\/image\/social\/regular\/64x64\/twitter.png\" \/><\/a><a class=\"synved-social-button synved-social-button-share synved-social-size-32 synved-social-resolution-single synved-social-provider-mail nolightbox\" data-provider=\"mail\" rel=\"nofollow\" title=\"Partagez-nous par email\" href=\"mailto:?subject=Action%20du%20Mouvement%20de%20la%20paix%20de%20Rennes%20pour%20la%20tr%C3%AAve%20olympique%20au%20passage%20de%20la%20flamme&#038;body=Suivez%20le%20Mouvement%20de%20la%20Paix%20:%20https%3A%2F%2Fwww.mvtpaix.org%2Fwordpress%2Fwp-json%2Fwp%2Fv2%2Fposts%2F120940\" style=\"font-size: 0px; width:32px;height:32px;margin:0;margin-bottom:5px;\"><img alt=\"mail\" title=\"Partagez-nous par email\" class=\"synved-share-image synved-social-image synved-social-image-share\" width=\"32\" height=\"32\" style=\"display: inline; width:32px;height:32px; margin: 0; padding: 0; border: none; box-shadow: none;\" src=\"https:\/\/www.mvtpaix.org\/wordpress\/wp-content\/plugins\/social-media-feather\/synved-social\/image\/social\/regular\/64x64\/mail.png\" \/><\/a>","protected":false},"excerpt":{"rendered":"<p>Communiqu\u00e9 du comit\u00e9 de Rennes du Mouvement de la Paix A l\u2019occasion du passage de la flamme Olympique \u00e0 Rennes le samedi 1 juin Ensemble exigeons l&#8217;arr\u00eat des guerres pendant la tr\u00eave olympique et au-del\u00e0\u00a0!!\u00a0! L\u2019assembl\u00e9e g\u00e9n\u00e9rale de l\u2019ONU le 21 novembre 2023 a adopt\u00e9, avec un vote positif de la France, une r\u00e9solution pour [&hellip;]<\/p>\n","protected":false},"author":1,"featured_media":0,"comment_status":"open","ping_status":"closed","sticky":false,"template":"template-page-builder-no-sidebar.php","format":"standard","meta":[],"categories":[236,38],"tags":[1270],"_links":{"self":[{"href":"https:\/\/www.mvtpaix.org\/wordpress\/wp-json\/wp\/v2\/posts\/120940"}],"collection":[{"href":"https:\/\/www.mvtpaix.org\/wordpress\/wp-json\/wp\/v2\/posts"}],"about":[{"href":"https:\/\/www.mvtpaix.org\/wordpress\/wp-json\/wp\/v2\/types\/post"}],"author":[{"embeddable":true,"href":"https:\/\/www.mvtpaix.org\/wordpress\/wp-json\/wp\/v2\/users\/1"}],"replies":[{"embeddable":true,"href":"https:\/\/www.mvtpaix.org\/wordpress\/wp-json\/wp\/v2\/comments?post=120940"}],"version-history":[{"count":3,"href":"https:\/\/www.mvtpaix.org\/wordpress\/wp-json\/wp\/v2\/posts\/120940\/revisions"}],"predecessor-version":[{"id":120945,"href":"https:\/\/www.mvtpaix.org\/wordpress\/wp-json\/wp\/v2\/posts\/120940\/revisions\/120945"}],"wp:attachment":[{"href":"https:\/\/www.mvtpaix.org\/wordpress\/wp-json\/wp\/v2\/media?parent=120940"}],"wp:term":[{"taxonomy":"category","embeddable":true,"href":"https:\/\/www.mvtpaix.org\/wordpress\/wp-json\/wp\/v2\/categories?post=120940"},{"taxonomy":"post_tag","embeddable":true,"href":"https:\/\/www.mvtpaix.org\/wordpress\/wp-json\/wp\/v2\/tags?post=120940"}],"curies":[{"name":"wp","href":"https:\/\/api.w.org\/{rel}","templated":true}]}}