{"id":114110,"date":"2020-09-08T19:07:31","date_gmt":"2020-09-08T17:07:31","guid":{"rendered":"http:\/\/www.mvtpaix.org\/wordpress\/?p=114110"},"modified":"2020-09-10T12:13:09","modified_gmt":"2020-09-10T10:13:09","slug":"le-porte-parole-du-mouvement-de-la-paix-sur-radio-laser-ministre-des-armees-en-bretagne-la-france-prend-des-engagements-quelle-ne-tient-pas","status":"publish","type":"post","link":"https:\/\/www.mvtpaix.org\/wordpress\/2020\/09\/08\/le-porte-parole-du-mouvement-de-la-paix-sur-radio-laser-ministre-des-armees-en-bretagne-la-france-prend-des-engagements-quelle-ne-tient-pas\/","title":{"rendered":"Le porte-parole du Mouvement de la paix sur Radio Laser &#8211; Ministre des Arm\u00e9es en Bretagne : &#8220;La France prend des engagements qu&#8217;elle ne tient pas&#8221;"},"content":{"rendered":"<p class=\"access\">Le Mouvement de la Paix profite de la visite de Florence Parly, Ministre des Arm\u00e9es, pour alerter l&#8217;opinion publique sur le r\u00f4le attribu\u00e9 par le Gouvernement \u00e0 notre r\u00e9gion : un &#8220;laboratoire ou un arsenal de guerre&#8221;, comme nous l&#8217;explique le porte-parole national Roland Nivet.<\/p>\n<h3 style=\"text-align: center;\"><a href=\"https:\/\/www.radiolaser.fr\/Ministre-des-Armees-en-Bretagne-La-France-prend-des-engagements-qu-elle-ne-tient-pas_a28177.html\" target=\"_blank\" rel=\"noopener\"><strong>A \u00e9couter sur Radio Laser<\/strong><\/a><\/h3>\n<p>&nbsp;<\/p>\n<p><a href=\"https:\/\/www.radiolaser.fr\/Ministre-des-Armees-en-Bretagne-La-France-prend-des-engagements-qu-elle-ne-tient-pas_a28177.html\" target=\"_blank\" rel=\"noopener\"><img loading=\"lazy\" class=\"aligncenter\" src=\"https:\/\/www.radiolaser.fr\/photo\/art\/grande\/49658947-38562299.jpg\" alt=\"\" width=\"800\" height=\"432\" \/><\/a><\/p>\n<p>&nbsp;<\/p>\n<a class=\"synved-social-button synved-social-button-share synved-social-size-32 synved-social-resolution-single synved-social-provider-facebook nolightbox\" data-provider=\"facebook\" target=\"_blank\" rel=\"nofollow\" title=\"Partagez cette page sur Facebook\" href=\"https:\/\/www.facebook.com\/sharer.php?u=https%3A%2F%2Fwww.mvtpaix.org%2Fwordpress%2Fwp-json%2Fwp%2Fv2%2Fposts%2F114110&#038;t=Le%20porte-parole%20du%20Mouvement%20de%20la%20paix%20sur%20Radio%20Laser%20%E2%80%93%20Ministre%20des%20Arm%C3%A9es%20en%20Bretagne%20%3A%20%E2%80%9CLa%20France%20prend%20des%20engagements%20qu%E2%80%99elle%20ne%20tient%20pas%E2%80%9D&#038;s=100&#038;p&#091;url&#093;=https%3A%2F%2Fwww.mvtpaix.org%2Fwordpress%2Fwp-json%2Fwp%2Fv2%2Fposts%2F114110&#038;p&#091;images&#093;&#091;0&#093;=https%3A%2F%2Fwww.radiolaser.fr%2Fphoto%2Fart%2Fgrande%2F49658947-38562299.jpg&#038;p&#091;title&#093;=Le%20porte-parole%20du%20Mouvement%20de%20la%20paix%20sur%20Radio%20Laser%20%E2%80%93%20Ministre%20des%20Arm%C3%A9es%20en%20Bretagne%20%3A%20%E2%80%9CLa%20France%20prend%20des%20engagements%20qu%E2%80%99elle%20ne%20tient%20pas%E2%80%9D\" style=\"font-size: 0px; width:32px;height:32px;margin:0;margin-bottom:5px;margin-right:5px;\"><img alt=\"Facebook\" title=\"Partagez cette page sur Facebook\" class=\"synved-share-image synved-social-image synved-social-image-share\" width=\"32\" height=\"32\" style=\"display: inline; width:32px;height:32px; margin: 0; padding: 0; border: none; box-shadow: none;\" src=\"https:\/\/www.mvtpaix.org\/wordpress\/wp-content\/plugins\/social-media-feather\/synved-social\/image\/social\/regular\/64x64\/facebook.png\" \/><\/a><a class=\"synved-social-button synved-social-button-share synved-social-size-32 synved-social-resolution-single synved-social-provider-twitter nolightbox\" data-provider=\"twitter\" target=\"_blank\" rel=\"nofollow\" title=\"Partagez cette page sur Twitter\" href=\"https:\/\/twitter.com\/intent\/tweet?url=https%3A%2F%2Fwww.mvtpaix.org%2Fwordpress%2Fwp-json%2Fwp%2Fv2%2Fposts%2F114110&#038;text=Suivez%20le%20Mouvement%20de%20la%20Paix%20\" style=\"font-size: 0px; width:32px;height:32px;margin:0;margin-bottom:5px;margin-right:5px;\"><img alt=\"twitter\" title=\"Partagez cette page sur Twitter\" class=\"synved-share-image synved-social-image synved-social-image-share\" width=\"32\" height=\"32\" style=\"display: inline; width:32px;height:32px; margin: 0; padding: 0; border: none; box-shadow: none;\" src=\"https:\/\/www.mvtpaix.org\/wordpress\/wp-content\/plugins\/social-media-feather\/synved-social\/image\/social\/regular\/64x64\/twitter.png\" \/><\/a><a class=\"synved-social-button synved-social-button-share synved-social-size-32 synved-social-resolution-single synved-social-provider-mail nolightbox\" data-provider=\"mail\" rel=\"nofollow\" title=\"Partagez-nous par email\" href=\"mailto:?subject=Le%20porte-parole%20du%20Mouvement%20de%20la%20paix%20sur%20Radio%20Laser%20%E2%80%93%20Ministre%20des%20Arm%C3%A9es%20en%20Bretagne%20%3A%20%E2%80%9CLa%20France%20prend%20des%20engagements%20qu%E2%80%99elle%20ne%20tient%20pas%E2%80%9D&#038;body=Suivez%20le%20Mouvement%20de%20la%20Paix%20:%20https%3A%2F%2Fwww.mvtpaix.org%2Fwordpress%2Fwp-json%2Fwp%2Fv2%2Fposts%2F114110\" style=\"font-size: 0px; width:32px;height:32px;margin:0;margin-bottom:5px;\"><img alt=\"mail\" title=\"Partagez-nous par email\" class=\"synved-share-image synved-social-image synved-social-image-share\" width=\"32\" height=\"32\" style=\"display: inline; width:32px;height:32px; margin: 0; padding: 0; border: none; box-shadow: none;\" src=\"https:\/\/www.mvtpaix.org\/wordpress\/wp-content\/plugins\/social-media-feather\/synved-social\/image\/social\/regular\/64x64\/mail.png\" \/><\/a>","protected":false},"excerpt":{"rendered":"<p>Le Mouvement de la Paix profite de la visite de Florence Parly, Ministre des Arm\u00e9es, pour alerter l&#8217;opinion publique sur le r\u00f4le attribu\u00e9 par le Gouvernement \u00e0 notre r\u00e9gion : un &#8220;laboratoire ou un arsenal de guerre&#8221;, comme nous l&#8217;explique le porte-parole national Roland Nivet. A \u00e9couter sur Radio Laser &nbsp; &nbsp;<\/p>\n","protected":false},"author":1,"featured_media":0,"comment_status":"open","ping_status":"open","sticky":false,"template":"","format":"standard","meta":[],"categories":[236,38],"tags":[],"_links":{"self":[{"href":"https:\/\/www.mvtpaix.org\/wordpress\/wp-json\/wp\/v2\/posts\/114110"}],"collection":[{"href":"https:\/\/www.mvtpaix.org\/wordpress\/wp-json\/wp\/v2\/posts"}],"about":[{"href":"https:\/\/www.mvtpaix.org\/wordpress\/wp-json\/wp\/v2\/types\/post"}],"author":[{"embeddable":true,"href":"https:\/\/www.mvtpaix.org\/wordpress\/wp-json\/wp\/v2\/users\/1"}],"replies":[{"embeddable":true,"href":"https:\/\/www.mvtpaix.org\/wordpress\/wp-json\/wp\/v2\/comments?post=114110"}],"version-history":[{"count":2,"href":"https:\/\/www.mvtpaix.org\/wordpress\/wp-json\/wp\/v2\/posts\/114110\/revisions"}],"predecessor-version":[{"id":114112,"href":"https:\/\/www.mvtpaix.org\/wordpress\/wp-json\/wp\/v2\/posts\/114110\/revisions\/114112"}],"wp:attachment":[{"href":"https:\/\/www.mvtpaix.org\/wordpress\/wp-json\/wp\/v2\/media?parent=114110"}],"wp:term":[{"taxonomy":"category","embeddable":true,"href":"https:\/\/www.mvtpaix.org\/wordpress\/wp-json\/wp\/v2\/categories?post=114110"},{"taxonomy":"post_tag","embeddable":true,"href":"https:\/\/www.mvtpaix.org\/wordpress\/wp-json\/wp\/v2\/tags?post=114110"}],"curies":[{"name":"wp","href":"https:\/\/api.w.org\/{rel}","templated":true}]}}