{"id":114103,"date":"2020-09-08T17:11:00","date_gmt":"2020-09-08T15:11:00","guid":{"rendered":"http:\/\/www.mvtpaix.org\/wordpress\/?p=114103"},"modified":"2020-09-08T17:24:54","modified_gmt":"2020-09-08T15:24:54","slug":"declaration-du-collectif-bretagne-et-pays-de-la-loire-du-mouvement-de-la-paix-a-loccasion-de-la-visite-de-la-ministre-des-armees-en-bretagne-les-7-8-et-9-septembre-2020","status":"publish","type":"post","link":"https:\/\/www.mvtpaix.org\/wordpress\/2020\/09\/08\/declaration-du-collectif-bretagne-et-pays-de-la-loire-du-mouvement-de-la-paix-a-loccasion-de-la-visite-de-la-ministre-des-armees-en-bretagne-les-7-8-et-9-septembre-2020\/","title":{"rendered":"D\u00e9claration du Collectif Bretagne et Pays de la Loire du Mouvement de la Paix \u00e0 l\u2019occasion de la visite de la Ministre des arm\u00e9es en Bretagne les 7, 8 et 9 septembre 2020"},"content":{"rendered":"<p><strong>\u00ab\u00a0La Bretagne doit avoir d\u2019autres ambitions que de devenir un laboratoire ou un arsenal pour les guerres du futur\u00a0\u00bb<\/strong><\/p>\n<p style=\"text-align: justify;\">Mme Florence Parly, ministre des arm\u00e9es, vient une nouvelle en fois en Bretagne d\u00e9but septembre pour poursuivre la mise en place des outils &#8220;n\u00e9cessaires&#8221; selon le gouvernement pour mettre en \u0153uvre sa strat\u00e9gie bas\u00e9e sur une croissance d\u00e9mesur\u00e9e des moyens militaires en particulier nucl\u00e9aires.<\/p>\n<p><img loading=\"lazy\" class=\"size-full wp-image-15383\" src=\"https:\/\/www.mvtpaix.org\/wordpress\/wp-content\/uploads\/2014\/09\/Rando-ascension-du-MenezHom-20140810-115011.jpg\" alt=\"\" width=\"1600\" height=\"1200\" srcset=\"https:\/\/www.mvtpaix.org\/wordpress\/wp-content\/uploads\/2014\/09\/Rando-ascension-du-MenezHom-20140810-115011.jpg 1600w, https:\/\/www.mvtpaix.org\/wordpress\/wp-content\/uploads\/2014\/09\/Rando-ascension-du-MenezHom-20140810-115011-300x225.jpg 300w, https:\/\/www.mvtpaix.org\/wordpress\/wp-content\/uploads\/2014\/09\/Rando-ascension-du-MenezHom-20140810-115011-1024x768.jpg 1024w\" sizes=\"(max-width: 1600px) 100vw, 1600px\" \/><\/p>\n<p style=\"text-align: justify;\">La Bretagne est pour le gouvernement un des espaces prioritaires pour le d\u00e9veloppement du complexe \u00ab\u00a0scientifique et militaro-industriel\u00a0\u00bb pour pr\u00e9parer les guerres du futur. Cette strat\u00e9gie pr\u00e9vue dans la loi de programmation militaire est celle de gouvernants sourds aux aspirations des populations.<\/p>\n<p style=\"text-align: justify;\">En 2017 Madame La Ministre avait d\u00e9j\u00e0 annonc\u00e9 lors d\u2019une visite \u00e0 Brest la n\u00e9cessit\u00e9 d\u2019une augmentation du budget militaire afin par exemple d\u2019investir 7 milliards d\u2019euros par an pour la flotte de sous-marins nucl\u00e9aires bas\u00e9e \u00e0 Crozon (Fost) et ce, en violation du Trait\u00e9 de non-prolif\u00e9ration nucl\u00e9aire (TNP) sign\u00e9 par la France qui pr\u00e9voit en son article 6 l\u2019\u00e9limination des armes nucl\u00e9aires.<\/p>\n<p style=\"text-align: justify;\">Depuis, elle est venue en particulier en mai 2020 pour renforcer la base d\u2019ing\u00e9nierie et de recherche militaire avec le projet Ensta et le renforcement du Celar etc, au nom de l\u2019innovation et de la Cyberd\u00e9fense.<\/p>\n<p style=\"text-align: justify;\">Ce qu\u2019attendent les populations ce ne sont pas de nouveaux drones, de nouveaux sous-marins, de nouveaux outils pour la guerre de l\u2019espace ou la guerre des \u00e9toiles.<\/p>\n<p style=\"text-align: justify;\">Les populations en Bretagne, comme en France, en Europe et dans le monde rejettent ces strat\u00e9gies d\u00e9pass\u00e9es qui sont inspir\u00e9es par l&#8217;Otan.<\/p>\n<p style=\"text-align: justify;\">Ce que les populations attendent ce sont des moyens pour une v\u00e9ritable s\u00e9curit\u00e9 humaine prenant en compte les dimensions sanitaire, sociale, environnementale et g\u00e9opolitique. En pleine pand\u00e9mie et face \u00e0 un d\u00e9r\u00e8glement climatique inqui\u00e9tant, les populations en Bretagne attendent des investissements et des emplois pour les h\u00f4pitaux publics, la recherche universitaire, l\u2019\u00e9ducation, le bien-\u00eatre, la protection des personnes \u00e2g\u00e9es entre autres et non des milliards de plus pour les armes nucl\u00e9aires.<\/p>\n<p style=\"text-align: justify;\">En guise d&#8217;ambition pour l&#8217;avenir, le logiciel gouvernemental est destructeur et\u00a0tr\u00e8s dangereux, tant pour les conditions de vie d&#8217;une soci\u00e9t\u00e9 humaine moderne, que pour l&#8217;\u00e9volution de la plan\u00e8te et plus largement une s\u00e9curit\u00e9 humaine qui ne peut se construire par l&#8217;hypertrophie des moyens militaires mais en cr\u00e9ant les conditions politiques et \u00e9conomiques de la paix.<\/p>\n<p style=\"text-align: justify;\">Pour ce faire, le collectif Bretagne-Pays de Loire du Mouvement de la Paix appelle les citoyens, leurs repr\u00e9sentants \u00e9lus, leurs organisations \u00e0 agir afin de faire respecter la volont\u00e9 majoritaire de paix et de concorde que notre \u00e9poque doit prioriser pour faire face aux enjeux actuels.<\/p>\n<p style=\"text-align: justify;\">Construire la paix dans le respect de la charte des Nations Unies est en effet l\u2019enjeu prioritaire du moment pour assurer notre s\u00e9curit\u00e9.<\/p>\n<p style=\"text-align: justify;\">Le collectif Bretagne-Pays de Loire \u00a0du Mouvement de la paix appelle dans toutes les communes de ces r\u00e9gions les populations \u00e0 exprimer leurs aspirations pour la paix, la justice sociale et les droits humains, pour le climat et le d\u00e9sarmement nucl\u00e9aire, pour une \u00e9conomie de paix d\u00e9veloppant les atouts et potentiels de ces r\u00e9gions. En Septembre 2020, dans le cadre de la journ\u00e9e internationale de la paix, des marches pour la paix sont organis\u00e9es partout en France, le samedi 19 septembre par le collectif national \u00ab\u00a0En marche pour la Paix\u00a0\u00bb et le 26 septembre dans le cadre de la journ\u00e9e internationale de l\u2019ONU pour l&#8217;\u00e9limination totale des armes nucl\u00e9aires, afin de demander le respect du TNP par la France et la ratification du Trait\u00e9 d\u2019interdiction des armes nucl\u00e9aires adopt\u00e9 \u00e0 l\u2019ONU le 7 juillet 2017.<\/p>\n<p>&nbsp;<\/p>\n<p style=\"text-align: left;\"><em><strong>Le collectif Bretagne-Pays de Loire du Mouvement de la Paix.<\/strong><\/em><\/p>\n<p style=\"text-align: left;\"><em>Comit\u00e9s de Rennes, Guichen, Saint-Malo, Lannion, Morlaix-Brest, Concarneau\u00a0; Lorient-Lanester, Saint Nazaire, Nantes, Angers, Cholet.<\/em><\/p>\n<p style=\"text-align: left;\"><em>Contacts : Roland Nivet 06 85 02 8714 &#8211; Christian Colimard 06 67 90 42 64<\/em><\/p>\n<a class=\"synved-social-button synved-social-button-share synved-social-size-32 synved-social-resolution-single synved-social-provider-facebook nolightbox\" data-provider=\"facebook\" target=\"_blank\" rel=\"nofollow\" title=\"Partagez cette page sur Facebook\" href=\"https:\/\/www.facebook.com\/sharer.php?u=https%3A%2F%2Fwww.mvtpaix.org%2Fwordpress%2Fwp-json%2Fwp%2Fv2%2Fposts%2F114103&#038;t=D%C3%A9claration%20du%20Collectif%20Bretagne%20et%20Pays%20de%20la%20Loire%20du%20Mouvement%20de%20la%20Paix%20%C3%A0%20l%E2%80%99occasion%20de%20la%20visite%20de%20la%20Ministre%20des%20arm%C3%A9es%20en%20Bretagne%20les%207%2C%208%20et%209%20septembre%202020&#038;s=100&#038;p&#091;url&#093;=https%3A%2F%2Fwww.mvtpaix.org%2Fwordpress%2Fwp-json%2Fwp%2Fv2%2Fposts%2F114103&#038;p&#091;images&#093;&#091;0&#093;=https%3A%2F%2Fwww.mvtpaix.org%2Fwordpress%2Fwp-content%2Fuploads%2F2014%2F09%2FRando-ascension-du-MenezHom-20140810-115011.jpg&#038;p&#091;title&#093;=D%C3%A9claration%20du%20Collectif%20Bretagne%20et%20Pays%20de%20la%20Loire%20du%20Mouvement%20de%20la%20Paix%20%C3%A0%20l%E2%80%99occasion%20de%20la%20visite%20de%20la%20Ministre%20des%20arm%C3%A9es%20en%20Bretagne%20les%207%2C%208%20et%209%20septembre%202020\" style=\"font-size: 0px; width:32px;height:32px;margin:0;margin-bottom:5px;margin-right:5px;\"><img alt=\"Facebook\" title=\"Partagez cette page sur Facebook\" class=\"synved-share-image synved-social-image synved-social-image-share\" width=\"32\" height=\"32\" style=\"display: inline; width:32px;height:32px; margin: 0; padding: 0; border: none; box-shadow: none;\" src=\"https:\/\/www.mvtpaix.org\/wordpress\/wp-content\/plugins\/social-media-feather\/synved-social\/image\/social\/regular\/64x64\/facebook.png\" \/><\/a><a class=\"synved-social-button synved-social-button-share synved-social-size-32 synved-social-resolution-single synved-social-provider-twitter nolightbox\" data-provider=\"twitter\" target=\"_blank\" rel=\"nofollow\" title=\"Partagez cette page sur Twitter\" href=\"https:\/\/twitter.com\/intent\/tweet?url=https%3A%2F%2Fwww.mvtpaix.org%2Fwordpress%2Fwp-json%2Fwp%2Fv2%2Fposts%2F114103&#038;text=Suivez%20le%20Mouvement%20de%20la%20Paix%20\" style=\"font-size: 0px; width:32px;height:32px;margin:0;margin-bottom:5px;margin-right:5px;\"><img alt=\"twitter\" title=\"Partagez cette page sur Twitter\" class=\"synved-share-image synved-social-image synved-social-image-share\" width=\"32\" height=\"32\" style=\"display: inline; width:32px;height:32px; margin: 0; padding: 0; border: none; box-shadow: none;\" src=\"https:\/\/www.mvtpaix.org\/wordpress\/wp-content\/plugins\/social-media-feather\/synved-social\/image\/social\/regular\/64x64\/twitter.png\" \/><\/a><a class=\"synved-social-button synved-social-button-share synved-social-size-32 synved-social-resolution-single synved-social-provider-mail nolightbox\" data-provider=\"mail\" rel=\"nofollow\" title=\"Partagez-nous par email\" href=\"mailto:?subject=D%C3%A9claration%20du%20Collectif%20Bretagne%20et%20Pays%20de%20la%20Loire%20du%20Mouvement%20de%20la%20Paix%20%C3%A0%20l%E2%80%99occasion%20de%20la%20visite%20de%20la%20Ministre%20des%20arm%C3%A9es%20en%20Bretagne%20les%207%2C%208%20et%209%20septembre%202020&#038;body=Suivez%20le%20Mouvement%20de%20la%20Paix%20:%20https%3A%2F%2Fwww.mvtpaix.org%2Fwordpress%2Fwp-json%2Fwp%2Fv2%2Fposts%2F114103\" style=\"font-size: 0px; width:32px;height:32px;margin:0;margin-bottom:5px;\"><img alt=\"mail\" title=\"Partagez-nous par email\" class=\"synved-share-image synved-social-image synved-social-image-share\" width=\"32\" height=\"32\" style=\"display: inline; width:32px;height:32px; margin: 0; padding: 0; border: none; box-shadow: none;\" src=\"https:\/\/www.mvtpaix.org\/wordpress\/wp-content\/plugins\/social-media-feather\/synved-social\/image\/social\/regular\/64x64\/mail.png\" \/><\/a>","protected":false},"excerpt":{"rendered":"<p>\u00ab\u00a0La Bretagne doit avoir d\u2019autres ambitions que de devenir un laboratoire ou un arsenal pour les guerres du futur\u00a0\u00bb Mme Florence Parly, ministre des arm\u00e9es, vient une nouvelle en fois en Bretagne d\u00e9but septembre pour poursuivre la mise en place des outils &#8220;n\u00e9cessaires&#8221; selon le gouvernement pour mettre en \u0153uvre sa strat\u00e9gie bas\u00e9e sur une [&hellip;]<\/p>\n","protected":false},"author":1,"featured_media":0,"comment_status":"open","ping_status":"open","sticky":false,"template":"","format":"standard","meta":[],"categories":[236,38],"tags":[404],"_links":{"self":[{"href":"https:\/\/www.mvtpaix.org\/wordpress\/wp-json\/wp\/v2\/posts\/114103"}],"collection":[{"href":"https:\/\/www.mvtpaix.org\/wordpress\/wp-json\/wp\/v2\/posts"}],"about":[{"href":"https:\/\/www.mvtpaix.org\/wordpress\/wp-json\/wp\/v2\/types\/post"}],"author":[{"embeddable":true,"href":"https:\/\/www.mvtpaix.org\/wordpress\/wp-json\/wp\/v2\/users\/1"}],"replies":[{"embeddable":true,"href":"https:\/\/www.mvtpaix.org\/wordpress\/wp-json\/wp\/v2\/comments?post=114103"}],"version-history":[{"count":2,"href":"https:\/\/www.mvtpaix.org\/wordpress\/wp-json\/wp\/v2\/posts\/114103\/revisions"}],"predecessor-version":[{"id":114105,"href":"https:\/\/www.mvtpaix.org\/wordpress\/wp-json\/wp\/v2\/posts\/114103\/revisions\/114105"}],"wp:attachment":[{"href":"https:\/\/www.mvtpaix.org\/wordpress\/wp-json\/wp\/v2\/media?parent=114103"}],"wp:term":[{"taxonomy":"category","embeddable":true,"href":"https:\/\/www.mvtpaix.org\/wordpress\/wp-json\/wp\/v2\/categories?post=114103"},{"taxonomy":"post_tag","embeddable":true,"href":"https:\/\/www.mvtpaix.org\/wordpress\/wp-json\/wp\/v2\/tags?post=114103"}],"curies":[{"name":"wp","href":"https:\/\/api.w.org\/{rel}","templated":true}]}}