{"id":113280,"date":"2020-02-01T01:21:04","date_gmt":"2020-02-01T00:21:04","guid":{"rendered":"http:\/\/www.mvtpaix.org\/wordpress\/?p=113280"},"modified":"2020-02-01T11:10:01","modified_gmt":"2020-02-01T10:10:01","slug":"a-rennes-le-samedi-25-janvier-contre-la-guerre-avec-liran","status":"publish","type":"post","link":"https:\/\/www.mvtpaix.org\/wordpress\/2020\/02\/01\/a-rennes-le-samedi-25-janvier-contre-la-guerre-avec-liran\/","title":{"rendered":"A Rennes le samedi 25 janvier contre la guerre avec l\u2019Iran"},"content":{"rendered":"<p>Samedi 25 janvier, dans le cadre de la journ\u00e9e mondiale contre la guerre avec l&#8217;Iran, en plein c\u0153ur de Rennes de 15 h 30 \u00e0 17 h 30 une dizaine de militants du Mouvement de la Paix ont men\u00e9 une action d&#8217;alerte sur les risques d&#8217;embrasement du moyen orient et bien au-del\u00e0 qui pourraient r\u00e9sulter de la politique des usa vis \u00e0 vis de l\u2019Iran .Ils ont demand\u00e9 au Pr\u00e9sident de la R\u00e9publique fran\u00e7aise d\u2019agir pour le maintien de l&#8217;accord sur le nucl\u00e9aire iranien. 1600 flyers distribu\u00e9s et un r\u00e9el int\u00e9r\u00eat des gens pour cette action.<\/p>\n<p><a href=\"https:\/\/scontent-cdg2-1.xx.fbcdn.net\/v\/t1.0-9\/82807391_3256222931058642_2306744497079320576_n.jpg?_nc_cat=111&amp;_nc_ohc=g2RHbuwCMykAX-45MIF&amp;_nc_ht=scontent-cdg2-1.xx&amp;oh=fe5f1a7612ca5640f393de83cd6c192e&amp;oe=5EC3969A\"><img loading=\"lazy\" class=\"aligncenter\" src=\"https:\/\/scontent-cdg2-1.xx.fbcdn.net\/v\/t1.0-9\/82807391_3256222931058642_2306744497079320576_n.jpg?_nc_cat=111&amp;_nc_ohc=g2RHbuwCMykAX-45MIF&amp;_nc_ht=scontent-cdg2-1.xx&amp;oh=fe5f1a7612ca5640f393de83cd6c192e&amp;oe=5EC3969A\" alt=\"\" width=\"960\" height=\"732\" \/><\/a><\/p>\n<p><a href=\"https:\/\/scontent-cdg2-1.xx.fbcdn.net\/v\/t1.0-9\/83341561_3256223034391965_6715732274161123328_n.jpg?_nc_cat=108&amp;_nc_ohc=2kd0Qrmdz5kAX_ZdBvK&amp;_nc_ht=scontent-cdg2-1.xx&amp;oh=5884e1ef8f33f4b9b8b701ced3802487&amp;oe=5EBEA0B7\"><img loading=\"lazy\" class=\"aligncenter\" src=\"https:\/\/scontent-cdg2-1.xx.fbcdn.net\/v\/t1.0-9\/83341561_3256223034391965_6715732274161123328_n.jpg?_nc_cat=108&amp;_nc_ohc=2kd0Qrmdz5kAX_ZdBvK&amp;_nc_ht=scontent-cdg2-1.xx&amp;oh=5884e1ef8f33f4b9b8b701ced3802487&amp;oe=5EBEA0B7\" alt=\"\" width=\"960\" height=\"623\" \/><\/a><\/p>\n<a class=\"synved-social-button synved-social-button-share synved-social-size-32 synved-social-resolution-single synved-social-provider-facebook nolightbox\" data-provider=\"facebook\" target=\"_blank\" rel=\"nofollow\" title=\"Partagez cette page sur Facebook\" href=\"https:\/\/www.facebook.com\/sharer.php?u=https%3A%2F%2Fwww.mvtpaix.org%2Fwordpress%2Fwp-json%2Fwp%2Fv2%2Fposts%2F113280&#038;t=A%20Rennes%20le%20samedi%2025%20janvier%20contre%20la%20guerre%20avec%20l%E2%80%99Iran&#038;s=100&#038;p&#091;url&#093;=https%3A%2F%2Fwww.mvtpaix.org%2Fwordpress%2Fwp-json%2Fwp%2Fv2%2Fposts%2F113280&#038;p&#091;images&#093;&#091;0&#093;=https%3A%2F%2Fscontent-cdg2-1.xx.fbcdn.net%2Fv%2Ft1.0-9%2F82807391_3256222931058642_2306744497079320576_n.jpg%3F_nc_cat%3D111%26amp%3B_nc_ohc%3Dg2RHbuwCMykAX-45MIF%26amp%3B_nc_ht%3Dscontent-cdg2-1.xx%26amp%3Boh%3Dfe5f1a7612ca5640f393de83cd6c192e%26amp%3Boe%3D5EC3969A&#038;p&#091;title&#093;=A%20Rennes%20le%20samedi%2025%20janvier%20contre%20la%20guerre%20avec%20l%E2%80%99Iran\" style=\"font-size: 0px; width:32px;height:32px;margin:0;margin-bottom:5px;margin-right:5px;\"><img alt=\"Facebook\" title=\"Partagez cette page sur Facebook\" class=\"synved-share-image synved-social-image synved-social-image-share\" width=\"32\" height=\"32\" style=\"display: inline; width:32px;height:32px; margin: 0; padding: 0; border: none; box-shadow: none;\" src=\"https:\/\/www.mvtpaix.org\/wordpress\/wp-content\/plugins\/social-media-feather\/synved-social\/image\/social\/regular\/64x64\/facebook.png\" \/><\/a><a class=\"synved-social-button synved-social-button-share synved-social-size-32 synved-social-resolution-single synved-social-provider-twitter nolightbox\" data-provider=\"twitter\" target=\"_blank\" rel=\"nofollow\" title=\"Partagez cette page sur Twitter\" href=\"https:\/\/twitter.com\/intent\/tweet?url=https%3A%2F%2Fwww.mvtpaix.org%2Fwordpress%2Fwp-json%2Fwp%2Fv2%2Fposts%2F113280&#038;text=Suivez%20le%20Mouvement%20de%20la%20Paix%20\" style=\"font-size: 0px; width:32px;height:32px;margin:0;margin-bottom:5px;margin-right:5px;\"><img alt=\"twitter\" title=\"Partagez cette page sur Twitter\" class=\"synved-share-image synved-social-image synved-social-image-share\" width=\"32\" height=\"32\" style=\"display: inline; width:32px;height:32px; margin: 0; padding: 0; border: none; box-shadow: none;\" src=\"https:\/\/www.mvtpaix.org\/wordpress\/wp-content\/plugins\/social-media-feather\/synved-social\/image\/social\/regular\/64x64\/twitter.png\" \/><\/a><a class=\"synved-social-button synved-social-button-share synved-social-size-32 synved-social-resolution-single synved-social-provider-mail nolightbox\" data-provider=\"mail\" rel=\"nofollow\" title=\"Partagez-nous par email\" href=\"mailto:?subject=A%20Rennes%20le%20samedi%2025%20janvier%20contre%20la%20guerre%20avec%20l%E2%80%99Iran&#038;body=Suivez%20le%20Mouvement%20de%20la%20Paix%20:%20https%3A%2F%2Fwww.mvtpaix.org%2Fwordpress%2Fwp-json%2Fwp%2Fv2%2Fposts%2F113280\" style=\"font-size: 0px; width:32px;height:32px;margin:0;margin-bottom:5px;\"><img alt=\"mail\" title=\"Partagez-nous par email\" class=\"synved-share-image synved-social-image synved-social-image-share\" width=\"32\" height=\"32\" style=\"display: inline; width:32px;height:32px; margin: 0; padding: 0; border: none; box-shadow: none;\" src=\"https:\/\/www.mvtpaix.org\/wordpress\/wp-content\/plugins\/social-media-feather\/synved-social\/image\/social\/regular\/64x64\/mail.png\" \/><\/a>","protected":false},"excerpt":{"rendered":"<p>Samedi 25 janvier, dans le cadre de la journ\u00e9e mondiale contre la guerre avec l&#8217;Iran, en plein c\u0153ur de Rennes de 15 h 30 \u00e0 17 h 30 une dizaine de militants du Mouvement de la Paix ont men\u00e9 une action d&#8217;alerte sur les risques d&#8217;embrasement du moyen orient et bien au-del\u00e0 qui pourraient r\u00e9sulter [&hellip;]<\/p>\n","protected":false},"author":1,"featured_media":0,"comment_status":"open","ping_status":"open","sticky":false,"template":"","format":"standard","meta":[],"categories":[236],"tags":[239],"_links":{"self":[{"href":"https:\/\/www.mvtpaix.org\/wordpress\/wp-json\/wp\/v2\/posts\/113280"}],"collection":[{"href":"https:\/\/www.mvtpaix.org\/wordpress\/wp-json\/wp\/v2\/posts"}],"about":[{"href":"https:\/\/www.mvtpaix.org\/wordpress\/wp-json\/wp\/v2\/types\/post"}],"author":[{"embeddable":true,"href":"https:\/\/www.mvtpaix.org\/wordpress\/wp-json\/wp\/v2\/users\/1"}],"replies":[{"embeddable":true,"href":"https:\/\/www.mvtpaix.org\/wordpress\/wp-json\/wp\/v2\/comments?post=113280"}],"version-history":[{"count":4,"href":"https:\/\/www.mvtpaix.org\/wordpress\/wp-json\/wp\/v2\/posts\/113280\/revisions"}],"predecessor-version":[{"id":113302,"href":"https:\/\/www.mvtpaix.org\/wordpress\/wp-json\/wp\/v2\/posts\/113280\/revisions\/113302"}],"wp:attachment":[{"href":"https:\/\/www.mvtpaix.org\/wordpress\/wp-json\/wp\/v2\/media?parent=113280"}],"wp:term":[{"taxonomy":"category","embeddable":true,"href":"https:\/\/www.mvtpaix.org\/wordpress\/wp-json\/wp\/v2\/categories?post=113280"},{"taxonomy":"post_tag","embeddable":true,"href":"https:\/\/www.mvtpaix.org\/wordpress\/wp-json\/wp\/v2\/tags?post=113280"}],"curies":[{"name":"wp","href":"https:\/\/api.w.org\/{rel}","templated":true}]}}