{"id":111486,"date":"2019-02-20T16:46:14","date_gmt":"2019-02-20T15:46:14","guid":{"rendered":"http:\/\/www.mvtpaix.org\/wordpress\/?p=111486"},"modified":"2019-02-20T16:47:31","modified_gmt":"2019-02-20T15:47:31","slug":"hautes-alpes-le-7-trail-de-la-paix-se-prepare-pour-le-11-mai","status":"publish","type":"post","link":"https:\/\/www.mvtpaix.org\/wordpress\/2019\/02\/20\/hautes-alpes-le-7-trail-de-la-paix-se-prepare-pour-le-11-mai\/","title":{"rendered":"Hautes-Alpes : Le 7\u00b0 trail de la paix se pr\u00e9pare pour le 11 mai"},"content":{"rendered":"<p>Deux articles parus r\u00e9cemment dans le Dauphin\u00e9 Lib\u00e9r\u00e9, \u00e9dition Hautes-Alpes (cliquer pour agrandir).<\/p>\n<p><a href=\"https:\/\/www.mvtpaix.org\/wordpress\/wp-content\/uploads\/2019\/02\/2019_02_13_DL_AG-Laragne.jpg\"><img loading=\"lazy\" class=\"aligncenter size-full wp-image-111487\" src=\"https:\/\/www.mvtpaix.org\/wordpress\/wp-content\/uploads\/2019\/02\/2019_02_13_DL_AG-Laragne.jpg\" alt=\"\" width=\"900\" height=\"400\" srcset=\"https:\/\/www.mvtpaix.org\/wordpress\/wp-content\/uploads\/2019\/02\/2019_02_13_DL_AG-Laragne.jpg 900w, https:\/\/www.mvtpaix.org\/wordpress\/wp-content\/uploads\/2019\/02\/2019_02_13_DL_AG-Laragne-300x133.jpg 300w, https:\/\/www.mvtpaix.org\/wordpress\/wp-content\/uploads\/2019\/02\/2019_02_13_DL_AG-Laragne-768x341.jpg 768w\" sizes=\"(max-width: 900px) 100vw, 900px\" \/><\/a><\/p>\n<p><a href=\"https:\/\/www.mvtpaix.org\/wordpress\/wp-content\/uploads\/2019\/02\/2019_01_07_DL_Trescl\u00e9oux_Annonce-Trail.jpg\"><img loading=\"lazy\" class=\"aligncenter size-full wp-image-111488\" src=\"https:\/\/www.mvtpaix.org\/wordpress\/wp-content\/uploads\/2019\/02\/2019_01_07_DL_Trescl\u00e9oux_Annonce-Trail.jpg\" alt=\"\" width=\"900\" height=\"538\" srcset=\"https:\/\/www.mvtpaix.org\/wordpress\/wp-content\/uploads\/2019\/02\/2019_01_07_DL_Trescl\u00e9oux_Annonce-Trail.jpg 900w, https:\/\/www.mvtpaix.org\/wordpress\/wp-content\/uploads\/2019\/02\/2019_01_07_DL_Trescl\u00e9oux_Annonce-Trail-300x179.jpg 300w, https:\/\/www.mvtpaix.org\/wordpress\/wp-content\/uploads\/2019\/02\/2019_01_07_DL_Trescl\u00e9oux_Annonce-Trail-768x459.jpg 768w\" sizes=\"(max-width: 900px) 100vw, 900px\" \/><\/a><\/p>\n<a class=\"synved-social-button synved-social-button-share synved-social-size-32 synved-social-resolution-single synved-social-provider-facebook nolightbox\" data-provider=\"facebook\" target=\"_blank\" rel=\"nofollow\" title=\"Partagez cette page sur Facebook\" href=\"https:\/\/www.facebook.com\/sharer.php?u=https%3A%2F%2Fwww.mvtpaix.org%2Fwordpress%2Fwp-json%2Fwp%2Fv2%2Fposts%2F111486&#038;t=Hautes-Alpes%20%3A%20Le%207%C2%B0%20trail%20de%20la%20paix%20se%20pr%C3%A9pare%20pour%20le%2011%20mai&#038;s=100&#038;p&#091;url&#093;=https%3A%2F%2Fwww.mvtpaix.org%2Fwordpress%2Fwp-json%2Fwp%2Fv2%2Fposts%2F111486&#038;p&#091;images&#093;&#091;0&#093;=https%3A%2F%2Fwww.mvtpaix.org%2Fwordpress%2Fwp-content%2Fuploads%2F2019%2F02%2F2019_02_13_DL_AG-Laragne.jpg&#038;p&#091;title&#093;=Hautes-Alpes%20%3A%20Le%207%C2%B0%20trail%20de%20la%20paix%20se%20pr%C3%A9pare%20pour%20le%2011%20mai\" style=\"font-size: 0px; width:32px;height:32px;margin:0;margin-bottom:5px;margin-right:5px;\"><img alt=\"Facebook\" title=\"Partagez cette page sur Facebook\" class=\"synved-share-image synved-social-image synved-social-image-share\" width=\"32\" height=\"32\" style=\"display: inline; width:32px;height:32px; margin: 0; padding: 0; border: none; box-shadow: none;\" src=\"https:\/\/www.mvtpaix.org\/wordpress\/wp-content\/plugins\/social-media-feather\/synved-social\/image\/social\/regular\/64x64\/facebook.png\" \/><\/a><a class=\"synved-social-button synved-social-button-share synved-social-size-32 synved-social-resolution-single synved-social-provider-twitter nolightbox\" data-provider=\"twitter\" target=\"_blank\" rel=\"nofollow\" title=\"Partagez cette page sur Twitter\" href=\"https:\/\/twitter.com\/intent\/tweet?url=https%3A%2F%2Fwww.mvtpaix.org%2Fwordpress%2Fwp-json%2Fwp%2Fv2%2Fposts%2F111486&#038;text=Suivez%20le%20Mouvement%20de%20la%20Paix%20\" style=\"font-size: 0px; width:32px;height:32px;margin:0;margin-bottom:5px;margin-right:5px;\"><img alt=\"twitter\" title=\"Partagez cette page sur Twitter\" class=\"synved-share-image synved-social-image synved-social-image-share\" width=\"32\" height=\"32\" style=\"display: inline; width:32px;height:32px; margin: 0; padding: 0; border: none; box-shadow: none;\" src=\"https:\/\/www.mvtpaix.org\/wordpress\/wp-content\/plugins\/social-media-feather\/synved-social\/image\/social\/regular\/64x64\/twitter.png\" \/><\/a><a class=\"synved-social-button synved-social-button-share synved-social-size-32 synved-social-resolution-single synved-social-provider-mail nolightbox\" data-provider=\"mail\" rel=\"nofollow\" title=\"Partagez-nous par email\" href=\"mailto:?subject=Hautes-Alpes%20%3A%20Le%207%C2%B0%20trail%20de%20la%20paix%20se%20pr%C3%A9pare%20pour%20le%2011%20mai&#038;body=Suivez%20le%20Mouvement%20de%20la%20Paix%20:%20https%3A%2F%2Fwww.mvtpaix.org%2Fwordpress%2Fwp-json%2Fwp%2Fv2%2Fposts%2F111486\" style=\"font-size: 0px; width:32px;height:32px;margin:0;margin-bottom:5px;\"><img alt=\"mail\" title=\"Partagez-nous par email\" class=\"synved-share-image synved-social-image synved-social-image-share\" width=\"32\" height=\"32\" style=\"display: inline; width:32px;height:32px; margin: 0; padding: 0; border: none; box-shadow: none;\" src=\"https:\/\/www.mvtpaix.org\/wordpress\/wp-content\/plugins\/social-media-feather\/synved-social\/image\/social\/regular\/64x64\/mail.png\" \/><\/a>","protected":false},"excerpt":{"rendered":"<p>Deux articles parus r\u00e9cemment dans le Dauphin\u00e9 Lib\u00e9r\u00e9, \u00e9dition Hautes-Alpes (cliquer pour agrandir).<\/p>\n","protected":false},"author":1,"featured_media":0,"comment_status":"open","ping_status":"open","sticky":false,"template":"","format":"standard","meta":[],"categories":[236],"tags":[781],"_links":{"self":[{"href":"https:\/\/www.mvtpaix.org\/wordpress\/wp-json\/wp\/v2\/posts\/111486"}],"collection":[{"href":"https:\/\/www.mvtpaix.org\/wordpress\/wp-json\/wp\/v2\/posts"}],"about":[{"href":"https:\/\/www.mvtpaix.org\/wordpress\/wp-json\/wp\/v2\/types\/post"}],"author":[{"embeddable":true,"href":"https:\/\/www.mvtpaix.org\/wordpress\/wp-json\/wp\/v2\/users\/1"}],"replies":[{"embeddable":true,"href":"https:\/\/www.mvtpaix.org\/wordpress\/wp-json\/wp\/v2\/comments?post=111486"}],"version-history":[{"count":3,"href":"https:\/\/www.mvtpaix.org\/wordpress\/wp-json\/wp\/v2\/posts\/111486\/revisions"}],"predecessor-version":[{"id":111491,"href":"https:\/\/www.mvtpaix.org\/wordpress\/wp-json\/wp\/v2\/posts\/111486\/revisions\/111491"}],"wp:attachment":[{"href":"https:\/\/www.mvtpaix.org\/wordpress\/wp-json\/wp\/v2\/media?parent=111486"}],"wp:term":[{"taxonomy":"category","embeddable":true,"href":"https:\/\/www.mvtpaix.org\/wordpress\/wp-json\/wp\/v2\/categories?post=111486"},{"taxonomy":"post_tag","embeddable":true,"href":"https:\/\/www.mvtpaix.org\/wordpress\/wp-json\/wp\/v2\/tags?post=111486"}],"curies":[{"name":"wp","href":"https:\/\/api.w.org\/{rel}","templated":true}]}}