{"id":111482,"date":"2019-02-20T16:40:15","date_gmt":"2019-02-20T15:40:15","guid":{"rendered":"http:\/\/www.mvtpaix.org\/wordpress\/?p=111482"},"modified":"2019-02-20T16:40:15","modified_gmt":"2019-02-20T15:40:15","slug":"tournon-sur-rhone-soiree-debat-autour-du-documentaire-memoires-dassassines","status":"publish","type":"post","link":"https:\/\/www.mvtpaix.org\/wordpress\/2019\/02\/20\/tournon-sur-rhone-soiree-debat-autour-du-documentaire-memoires-dassassines\/","title":{"rendered":"Tournon-sur-Rh\u00f4ne: soir\u00e9e-d\u00e9bat autour du documentaire \u201cM\u00e9moires d\u2019assassin\u00e9s\u201d"},"content":{"rendered":"<div style=\"text-align: justify;\"><strong>A Tournon-sur-Rh\u00f4ne le 13 f\u00e9vrier dernier, s&#8217;est tenue une soir\u00e9e-d\u00e9bat avec la r\u00e9alisatrice Guillemette BEYRON autour de son documentaire \u201cM\u00e9moires d\u2019assassin\u00e9s\u201d : donner la parole aux descendants des g\u00e9nocides de 1915, 1939-45, 1994 ; arm\u00e9niens, assyro-chald\u00e9ens, juifs, tsiganes, tutsi.<\/strong><\/div>\n<div>\u00a0<\/div>\n<div><a href=\"https:\/\/www.mvtpaix.org\/wordpress\/wp-content\/uploads\/2019\/02\/Tournon-DSC_1052.jpg\"><img loading=\"lazy\" class=\"aligncenter size-full wp-image-111483\" src=\"https:\/\/www.mvtpaix.org\/wordpress\/wp-content\/uploads\/2019\/02\/Tournon-DSC_1052.jpg\" alt=\"\" width=\"800\" height=\"450\" srcset=\"https:\/\/www.mvtpaix.org\/wordpress\/wp-content\/uploads\/2019\/02\/Tournon-DSC_1052.jpg 800w, https:\/\/www.mvtpaix.org\/wordpress\/wp-content\/uploads\/2019\/02\/Tournon-DSC_1052-300x169.jpg 300w, https:\/\/www.mvtpaix.org\/wordpress\/wp-content\/uploads\/2019\/02\/Tournon-DSC_1052-768x432.jpg 768w\" sizes=\"(max-width: 800px) 100vw, 800px\" \/><\/a><\/div>\n<div>\u00a0<\/div>\n<div><a href=\"https:\/\/www.mvtpaix.org\/wordpress\/wp-content\/uploads\/2019\/02\/Tournon-DSC_1059.jpg\"><img loading=\"lazy\" class=\"aligncenter size-full wp-image-111484\" src=\"https:\/\/www.mvtpaix.org\/wordpress\/wp-content\/uploads\/2019\/02\/Tournon-DSC_1059.jpg\" alt=\"\" width=\"800\" height=\"450\" srcset=\"https:\/\/www.mvtpaix.org\/wordpress\/wp-content\/uploads\/2019\/02\/Tournon-DSC_1059.jpg 800w, https:\/\/www.mvtpaix.org\/wordpress\/wp-content\/uploads\/2019\/02\/Tournon-DSC_1059-300x169.jpg 300w, https:\/\/www.mvtpaix.org\/wordpress\/wp-content\/uploads\/2019\/02\/Tournon-DSC_1059-768x432.jpg 768w\" sizes=\"(max-width: 800px) 100vw, 800px\" \/><\/a><\/div>\n<div>\u00a0<\/div>\n<div style=\"text-align: right;\">Jean-Michel Galland<\/div>\n<div style=\"text-align: right;\">Comit\u00e9 pour la Paix Tournon-Tain<\/div>\n<a class=\"synved-social-button synved-social-button-share synved-social-size-32 synved-social-resolution-single synved-social-provider-facebook nolightbox\" data-provider=\"facebook\" target=\"_blank\" rel=\"nofollow\" title=\"Partagez cette page sur Facebook\" href=\"https:\/\/www.facebook.com\/sharer.php?u=https%3A%2F%2Fwww.mvtpaix.org%2Fwordpress%2Fwp-json%2Fwp%2Fv2%2Fposts%2F111482&#038;t=Tournon-sur-Rh%C3%B4ne%3A%20soir%C3%A9e-d%C3%A9bat%20autour%20du%20documentaire%20%E2%80%9CM%C3%A9moires%20d%E2%80%99assassin%C3%A9s%E2%80%9D&#038;s=100&#038;p&#091;url&#093;=https%3A%2F%2Fwww.mvtpaix.org%2Fwordpress%2Fwp-json%2Fwp%2Fv2%2Fposts%2F111482&#038;p&#091;images&#093;&#091;0&#093;=https%3A%2F%2Fwww.mvtpaix.org%2Fwordpress%2Fwp-content%2Fuploads%2F2019%2F02%2FTournon-DSC_1052.jpg&#038;p&#091;title&#093;=Tournon-sur-Rh%C3%B4ne%3A%20soir%C3%A9e-d%C3%A9bat%20autour%20du%20documentaire%20%E2%80%9CM%C3%A9moires%20d%E2%80%99assassin%C3%A9s%E2%80%9D\" style=\"font-size: 0px; width:32px;height:32px;margin:0;margin-bottom:5px;margin-right:5px;\"><img alt=\"Facebook\" title=\"Partagez cette page sur Facebook\" class=\"synved-share-image synved-social-image synved-social-image-share\" width=\"32\" height=\"32\" style=\"display: inline; width:32px;height:32px; margin: 0; padding: 0; border: none; box-shadow: none;\" src=\"https:\/\/www.mvtpaix.org\/wordpress\/wp-content\/plugins\/social-media-feather\/synved-social\/image\/social\/regular\/64x64\/facebook.png\" \/><\/a><a class=\"synved-social-button synved-social-button-share synved-social-size-32 synved-social-resolution-single synved-social-provider-twitter nolightbox\" data-provider=\"twitter\" target=\"_blank\" rel=\"nofollow\" title=\"Partagez cette page sur Twitter\" href=\"https:\/\/twitter.com\/intent\/tweet?url=https%3A%2F%2Fwww.mvtpaix.org%2Fwordpress%2Fwp-json%2Fwp%2Fv2%2Fposts%2F111482&#038;text=Suivez%20le%20Mouvement%20de%20la%20Paix%20\" style=\"font-size: 0px; width:32px;height:32px;margin:0;margin-bottom:5px;margin-right:5px;\"><img alt=\"twitter\" title=\"Partagez cette page sur Twitter\" class=\"synved-share-image synved-social-image synved-social-image-share\" width=\"32\" height=\"32\" style=\"display: inline; width:32px;height:32px; margin: 0; padding: 0; border: none; box-shadow: none;\" src=\"https:\/\/www.mvtpaix.org\/wordpress\/wp-content\/plugins\/social-media-feather\/synved-social\/image\/social\/regular\/64x64\/twitter.png\" \/><\/a><a class=\"synved-social-button synved-social-button-share synved-social-size-32 synved-social-resolution-single synved-social-provider-mail nolightbox\" data-provider=\"mail\" rel=\"nofollow\" title=\"Partagez-nous par email\" href=\"mailto:?subject=Tournon-sur-Rh%C3%B4ne%3A%20soir%C3%A9e-d%C3%A9bat%20autour%20du%20documentaire%20%E2%80%9CM%C3%A9moires%20d%E2%80%99assassin%C3%A9s%E2%80%9D&#038;body=Suivez%20le%20Mouvement%20de%20la%20Paix%20:%20https%3A%2F%2Fwww.mvtpaix.org%2Fwordpress%2Fwp-json%2Fwp%2Fv2%2Fposts%2F111482\" style=\"font-size: 0px; width:32px;height:32px;margin:0;margin-bottom:5px;\"><img alt=\"mail\" title=\"Partagez-nous par email\" class=\"synved-share-image synved-social-image synved-social-image-share\" width=\"32\" height=\"32\" style=\"display: inline; width:32px;height:32px; margin: 0; padding: 0; border: none; box-shadow: none;\" src=\"https:\/\/www.mvtpaix.org\/wordpress\/wp-content\/plugins\/social-media-feather\/synved-social\/image\/social\/regular\/64x64\/mail.png\" \/><\/a>","protected":false},"excerpt":{"rendered":"<p>A Tournon-sur-Rh\u00f4ne le 13 f\u00e9vrier dernier, s&#8217;est tenue une soir\u00e9e-d\u00e9bat avec la r\u00e9alisatrice Guillemette BEYRON autour de son documentaire \u201cM\u00e9moires d\u2019assassin\u00e9s\u201d : donner la parole aux descendants des g\u00e9nocides de 1915, 1939-45, 1994 ; arm\u00e9niens, assyro-chald\u00e9ens, juifs, tsiganes, tutsi. \u00a0 \u00a0 \u00a0 Jean-Michel Galland Comit\u00e9 pour la Paix Tournon-Tain<\/p>\n","protected":false},"author":1,"featured_media":0,"comment_status":"open","ping_status":"open","sticky":false,"template":"","format":"standard","meta":[],"categories":[236],"tags":[],"_links":{"self":[{"href":"https:\/\/www.mvtpaix.org\/wordpress\/wp-json\/wp\/v2\/posts\/111482"}],"collection":[{"href":"https:\/\/www.mvtpaix.org\/wordpress\/wp-json\/wp\/v2\/posts"}],"about":[{"href":"https:\/\/www.mvtpaix.org\/wordpress\/wp-json\/wp\/v2\/types\/post"}],"author":[{"embeddable":true,"href":"https:\/\/www.mvtpaix.org\/wordpress\/wp-json\/wp\/v2\/users\/1"}],"replies":[{"embeddable":true,"href":"https:\/\/www.mvtpaix.org\/wordpress\/wp-json\/wp\/v2\/comments?post=111482"}],"version-history":[{"count":1,"href":"https:\/\/www.mvtpaix.org\/wordpress\/wp-json\/wp\/v2\/posts\/111482\/revisions"}],"predecessor-version":[{"id":111485,"href":"https:\/\/www.mvtpaix.org\/wordpress\/wp-json\/wp\/v2\/posts\/111482\/revisions\/111485"}],"wp:attachment":[{"href":"https:\/\/www.mvtpaix.org\/wordpress\/wp-json\/wp\/v2\/media?parent=111482"}],"wp:term":[{"taxonomy":"category","embeddable":true,"href":"https:\/\/www.mvtpaix.org\/wordpress\/wp-json\/wp\/v2\/categories?post=111482"},{"taxonomy":"post_tag","embeddable":true,"href":"https:\/\/www.mvtpaix.org\/wordpress\/wp-json\/wp\/v2\/tags?post=111482"}],"curies":[{"name":"wp","href":"https:\/\/api.w.org\/{rel}","templated":true}]}}