{"id":108908,"date":"2018-01-29T21:40:53","date_gmt":"2018-01-29T20:40:53","guid":{"rendered":"http:\/\/www.mvtpaix.org\/wordpress\/?p=108908"},"modified":"2018-01-29T21:40:53","modified_gmt":"2018-01-29T20:40:53","slug":"comite-des-vosges-succes-de-la-tournee-pour-la-paix-en-coree","status":"publish","type":"post","link":"https:\/\/www.mvtpaix.org\/wordpress\/2018\/01\/29\/comite-des-vosges-succes-de-la-tournee-pour-la-paix-en-coree\/","title":{"rendered":"Comit\u00e9 des Vosges: Succ\u00e8s de la tourn\u00e9e pour la Paix en Cor\u00e9e"},"content":{"rendered":"<p style=\"text-align: justify;\"><strong>Succ\u00e8s de la tourn\u00e9e dans les Vosges pour la Paix en Cor\u00e9e<\/strong><\/p>\n<p><img loading=\"lazy\" class=\"aligncenter size-medium\" src=\"https:\/\/www.mvtpaix.org\/wordpress\/wp-content\/uploads\/vfb\/2018\/01\/Dorian-Malovitch-%C3%A0-Saint-di%C3%A9.jpg\" width=\"1200\" height=\"674\" \/><\/p>\n<p style=\"text-align: justify;\">Plusieurs rencontres ont eu lieu dans les Vosges, au cours du week-end des 20 et 21 janvier 2018, sur la situation en Cor\u00e9e (du Nord et du Sud), \u00e0 l&#8217;initiative ou avec le soutien du Comit\u00e9 r\u00e9gional grand Est de l&#8217;Association d&#8217;Amiti\u00e9 Franco-Cor\u00e9enne (AAFC) et du Comit\u00e9 d\u00e9partemental des Vosges du Mouvement de la Paix. Ces diff\u00e9rentes rencontres ont permis de mieux conna\u00eetre la r\u00e9alit\u00e9 d&#8217;un pays au-del\u00e0 de pr\u00e9jug\u00e9s, parfois teint\u00e9s de racisme, afin de favoriser la paix dans cette partie du monde.<\/p>\n<p style=\"text-align: justify;\">Le week-end a d\u00e9but\u00e9 \u00e0 Saint-Di\u00e9 le samedi matin avec le journaliste de La Croix chef du service Asie, Dorian Malovic, co-auteur avec Juliette Morillot de La Cor\u00e9e du Nord en 100 questions, \u00e0 la librairie Le Neuf. Le d\u00e9bat \u00e9tait pr\u00e9sent\u00e9 par Damien Jamet, membre de l&#8217;AAFC, ma\u00eetre de conf\u00e9rences en informatique \u00e0 l&#8217;Universit\u00e9 de Lorraine qui a visit\u00e9 deux fois la Cor\u00e9e (du Nord), en juillet 2015 et d\u00e9cembre 2017, en initiant des contacts universitaires franco-nord-cor\u00e9ens en ce domaine. Dorian Malovic a ensuite d\u00e9mont\u00e9 un \u00e0 un les clich\u00e9s qui continuent de marquer l&#8217;imaginaire colonial occidental sur la Cor\u00e9e du Nord, dont les \u00e9volutions en cours sont n\u00e9glig\u00e9es au m\u00eame titre que celles qu&#8217;avait connues la R\u00e9publique populaire de Chine plus de trois d\u00e9cennies plus t\u00f4t. Pour reprendre une m\u00e9taphore relevant du domaine de l&#8217;informatique, il est difficile de changer de logiciel, alors m\u00eame que le bond technologique qu&#8217;a connu le pays en se dotant d&#8217;une force de dissuasion nucl\u00e9aire autonome aurait d\u00fb interpeller plus t\u00f4t. La salle \u00e9tait trop petite pour accueillir un public de plus de 60 personnes, alors que le d\u00e9bat \u00e9tait par ailleurs suivi en direct par plus de 80 personnes sur la page Facebook de la librairie.<\/p>\n<p style=\"text-align: justify;\">Le week-end s\u2019est poursuivi lors de trois rencontres avec Beno\u00eet Quennedey, pr\u00e9sident de l&#8217;Association d&#8217;Amiti\u00e9 Franco-Cor\u00e9enne (AAFC), \u00e0 G\u00e9rardmer puis \u00e0 Epinal (le 20 janvier), et enfin \u00e0 Villers, pr\u00e8s de Mirecourt (le 21 janvier), \u00e0 l&#8217;initiative du Comit\u00e9 du Mouvement de la paix des Vosges.<\/p>\n<p style=\"text-align: justify;\">Beno\u00eet Quennedey a rappel\u00e9 l&#8217;histoire de la nation cor\u00e9enne, dont l&#8217;unit\u00e9 nationale est plus que mill\u00e9naire, et les aspirations des Cor\u00e9ens \u00e0 la r\u00e9unification de leur patrie divis\u00e9e en 1945 par le jeu des grandes puissances. Il a soulign\u00e9 le traumatisme caus\u00e9 par la guerre de Cor\u00e9e, qui a caus\u00e9 pr\u00e8s de 3 millions de morts, dans un conflit o\u00f9 le napalm a pour la premi\u00e8re fois \u00e9t\u00e9 utilis\u00e9 \u00e0 grande \u00e9chelle par les troupes des Nations unies sous commandement am\u00e9ricain, ainsi que des armes bact\u00e9riologiques et chimiques. Dans ce contexte, l&#8217;arme nucl\u00e9aire est consid\u00e9r\u00e9e par Pyongyang comme son assurance-vie pour ne pas subir le sort de l&#8217;Irak en 2003 et de la Libye en 2011. Partageant pleinement le combat pacifiste du Mouvement de la paix, l&#8217;AAFC soutient l&#8217;initiative du prix Nobel de la paix 2017, la Campagne internationale pour l&#8217;abolition des armes nucl\u00e9aires, pour un retour imm\u00e9diat au dialogue sur la question cor\u00e9enne. Les sanctions, qui frappent cruellement les populations civiles, doivent \u00eatre lev\u00e9es : les vies cor\u00e9ennes n&#8217;ont pas moins de valeur que les vies am\u00e9ricaines.<\/p>\n<p style=\"text-align: justify;\">Deux ouvrages publi\u00e9s par Delga consacr\u00e9s \u00e0 la Cor\u00e9e du Nord \u00e9taient propos\u00e9s \u00e0 la vente : La Cor\u00e9e du Nord, cette inconnue de Beno\u00eet Quennedey, et Comment peut-on \u00eatre Cor\u00e9en (du Nord) ? de Robert Charvin, vice-pr\u00e9sident de l&#8217;AAFC et ancien doyen de la facult\u00e9 de droit de Nice (pr\u00e9face de Jean Salem).<\/p>\n<p style=\"text-align: justify;\">L&#8217;AAFC et le Mouvement de la Paix, comit\u00e9 des Vosges, appellent tous les pacifistes \u00e0 les rejoindre dans leur combat pour la paix en Cor\u00e9e, pour que la France joue un r\u00f4le positif dans la diminution des sanctions et le retour au dialogue. A cet \u00e9gard, le dialogue intercor\u00e9en renou\u00e9 \u00e0 l&#8217;occasion des Jeux olympiques d&#8217;hiver de Pyeongchang, en Cor\u00e9e du Sud, constitue un signal encourageant.<\/p>\n<a class=\"synved-social-button synved-social-button-share synved-social-size-32 synved-social-resolution-single synved-social-provider-facebook nolightbox\" data-provider=\"facebook\" target=\"_blank\" rel=\"nofollow\" title=\"Partagez cette page sur Facebook\" href=\"https:\/\/www.facebook.com\/sharer.php?u=https%3A%2F%2Fwww.mvtpaix.org%2Fwordpress%2Fwp-json%2Fwp%2Fv2%2Fposts%2F108908&#038;t=Comit%C3%A9%20des%20Vosges%3A%20Succ%C3%A8s%20de%20la%20tourn%C3%A9e%20pour%20la%20Paix%20en%20Cor%C3%A9e&#038;s=100&#038;p&#091;url&#093;=https%3A%2F%2Fwww.mvtpaix.org%2Fwordpress%2Fwp-json%2Fwp%2Fv2%2Fposts%2F108908&#038;p&#091;images&#093;&#091;0&#093;=https%3A%2F%2Fwww.mvtpaix.org%2Fwordpress%2Fwp-content%2Fuploads%2Fvfb%2F2018%2F01%2FDorian-Malovitch-%25C3%25A0-Saint-di%25C3%25A9.jpg&#038;p&#091;title&#093;=Comit%C3%A9%20des%20Vosges%3A%20Succ%C3%A8s%20de%20la%20tourn%C3%A9e%20pour%20la%20Paix%20en%20Cor%C3%A9e\" style=\"font-size: 0px; width:32px;height:32px;margin:0;margin-bottom:5px;margin-right:5px;\"><img alt=\"Facebook\" title=\"Partagez cette page sur Facebook\" class=\"synved-share-image synved-social-image synved-social-image-share\" width=\"32\" height=\"32\" style=\"display: inline; width:32px;height:32px; margin: 0; padding: 0; border: none; box-shadow: none;\" src=\"https:\/\/www.mvtpaix.org\/wordpress\/wp-content\/plugins\/social-media-feather\/synved-social\/image\/social\/regular\/64x64\/facebook.png\" \/><\/a><a class=\"synved-social-button synved-social-button-share synved-social-size-32 synved-social-resolution-single synved-social-provider-twitter nolightbox\" data-provider=\"twitter\" target=\"_blank\" rel=\"nofollow\" title=\"Partagez cette page sur Twitter\" href=\"https:\/\/twitter.com\/intent\/tweet?url=https%3A%2F%2Fwww.mvtpaix.org%2Fwordpress%2Fwp-json%2Fwp%2Fv2%2Fposts%2F108908&#038;text=Suivez%20le%20Mouvement%20de%20la%20Paix%20\" style=\"font-size: 0px; width:32px;height:32px;margin:0;margin-bottom:5px;margin-right:5px;\"><img alt=\"twitter\" title=\"Partagez cette page sur Twitter\" class=\"synved-share-image synved-social-image synved-social-image-share\" width=\"32\" height=\"32\" style=\"display: inline; width:32px;height:32px; margin: 0; padding: 0; border: none; box-shadow: none;\" src=\"https:\/\/www.mvtpaix.org\/wordpress\/wp-content\/plugins\/social-media-feather\/synved-social\/image\/social\/regular\/64x64\/twitter.png\" \/><\/a><a class=\"synved-social-button synved-social-button-share synved-social-size-32 synved-social-resolution-single synved-social-provider-mail nolightbox\" data-provider=\"mail\" rel=\"nofollow\" title=\"Partagez-nous par email\" href=\"mailto:?subject=Comit%C3%A9%20des%20Vosges%3A%20Succ%C3%A8s%20de%20la%20tourn%C3%A9e%20pour%20la%20Paix%20en%20Cor%C3%A9e&#038;body=Suivez%20le%20Mouvement%20de%20la%20Paix%20:%20https%3A%2F%2Fwww.mvtpaix.org%2Fwordpress%2Fwp-json%2Fwp%2Fv2%2Fposts%2F108908\" style=\"font-size: 0px; width:32px;height:32px;margin:0;margin-bottom:5px;\"><img alt=\"mail\" title=\"Partagez-nous par email\" class=\"synved-share-image synved-social-image synved-social-image-share\" width=\"32\" height=\"32\" style=\"display: inline; width:32px;height:32px; margin: 0; padding: 0; border: none; box-shadow: none;\" src=\"https:\/\/www.mvtpaix.org\/wordpress\/wp-content\/plugins\/social-media-feather\/synved-social\/image\/social\/regular\/64x64\/mail.png\" \/><\/a>","protected":false},"excerpt":{"rendered":"<p>Succ\u00e8s de la tourn\u00e9e dans les Vosges pour la Paix en Cor\u00e9e Plusieurs rencontres ont eu lieu dans les Vosges, au cours du week-end des 20 et 21 janvier 2018, sur la situation en Cor\u00e9e (du Nord et du Sud), \u00e0 l&#8217;initiative ou avec le soutien du Comit\u00e9 r\u00e9gional grand Est de l&#8217;Association d&#8217;Amiti\u00e9 Franco-Cor\u00e9enne [&hellip;]<\/p>\n","protected":false},"author":1,"featured_media":0,"comment_status":"open","ping_status":"open","sticky":false,"template":"","format":"standard","meta":[],"categories":[236],"tags":[87,807],"_links":{"self":[{"href":"https:\/\/www.mvtpaix.org\/wordpress\/wp-json\/wp\/v2\/posts\/108908"}],"collection":[{"href":"https:\/\/www.mvtpaix.org\/wordpress\/wp-json\/wp\/v2\/posts"}],"about":[{"href":"https:\/\/www.mvtpaix.org\/wordpress\/wp-json\/wp\/v2\/types\/post"}],"author":[{"embeddable":true,"href":"https:\/\/www.mvtpaix.org\/wordpress\/wp-json\/wp\/v2\/users\/1"}],"replies":[{"embeddable":true,"href":"https:\/\/www.mvtpaix.org\/wordpress\/wp-json\/wp\/v2\/comments?post=108908"}],"version-history":[{"count":1,"href":"https:\/\/www.mvtpaix.org\/wordpress\/wp-json\/wp\/v2\/posts\/108908\/revisions"}],"predecessor-version":[{"id":108909,"href":"https:\/\/www.mvtpaix.org\/wordpress\/wp-json\/wp\/v2\/posts\/108908\/revisions\/108909"}],"wp:attachment":[{"href":"https:\/\/www.mvtpaix.org\/wordpress\/wp-json\/wp\/v2\/media?parent=108908"}],"wp:term":[{"taxonomy":"category","embeddable":true,"href":"https:\/\/www.mvtpaix.org\/wordpress\/wp-json\/wp\/v2\/categories?post=108908"},{"taxonomy":"post_tag","embeddable":true,"href":"https:\/\/www.mvtpaix.org\/wordpress\/wp-json\/wp\/v2\/tags?post=108908"}],"curies":[{"name":"wp","href":"https:\/\/api.w.org\/{rel}","templated":true}]}}